{"id":8983,"date":"2020-03-02T10:58:46","date_gmt":"2020-03-02T09:58:46","guid":{"rendered":"https:\/\/www.schlanser.ch\/magazin\/?p=8983"},"modified":"2024-06-17T16:05:34","modified_gmt":"2024-06-17T14:05:34","slug":"fahrradtraeger-fuer-die-anhaengerkupplung","status":"publish","type":"post","link":"https:\/\/www.schlanser.ch\/magazin\/fahrradtraeger-fuer-die-anhaengerkupplung\/","title":{"rendered":"Fahrradtr\u00e4ger f\u00fcr die Anh\u00e4ngerkupplung"},"content":{"rendered":"<h2>\u00ab Universelle Tr\u00e4ger f\u00fcr fast jeden PKW \u00bb<\/h2>\n<p style=\"text-align: justify;\"><strong>Wenn Sie Fahrradfahren lieben, dann m\u00f6chten Sie sicher auch im Urlaub nicht auf Ihr Velo verzichten. Das eigene Bike dabei zu haben bietet zuletzt viele Vorteile: Sie k\u00f6nnen am Urlaubsort die Gegend erkunden, die Radwege in der Natur der Ferienregion ausprobieren und vom Stellplatz oder Hotel aus schnell bis ins n\u00e4chste Stadtzentrum gelangen. Doch nun stellt sich die Frage, wie Sie Ihre Velos sicher und unkompliziert transportieren k\u00f6nnen.<\/strong><\/p>\n<h2>Lesen Sie hier \u00fcber die praktischen Fahrradtr\u00e4ger f\u00fcr die Anh\u00e4ngerkupplung<\/h2>\n<p style=\"text-align: justify;\">Der Kraftstoffverbrauch ist bei <a href=\"https:\/\/www.schlanser.ch\/fahrzeug\/wohnwagen-wohnmobil-zubehoer\/fahrradtraeger\/\">Fahrradtr\u00e4gern f\u00fcr die Anh\u00e4ngerkupplung<\/a> geringer als bei Modellen, bei denen die Fahrr\u00e4der auf dem Fahrzeugdach montiert werden. Der Grund ist einfach: bei der Montage an die Anh\u00e4ngerkupplung befindet sich das Sperrgut hinter dem PKW, wodurch der Luftwiderstand beim Fahren viel geringer ist. Jedes der hier vorgestellten Modelle eignet sich f\u00fcr Fahrr\u00e4der aller Art, zum Beispiel f\u00fcr Kinderfahrr\u00e4der, City R\u00e4der, Mountainbikes, E-Bikes sowie gegebenenfalls auch f\u00fcr Fatbikes.<\/p>\n<blockquote>\n<p style=\"text-align: justify;\">Hierbei m\u00fcssen Sie lediglich das Gewicht auf jeder einzelnen Schiene sowie zuletzt das Gesamtgewicht beachten. Auch die Breite der Schienen, die bei Fatbikes viel breiter sein m\u00fcssen, sollte abgekl\u00e4rt sein.<\/p>\n<\/blockquote>\n<p style=\"text-align: justify;\">Weiterhin verf\u00fcgen alle Modelle \u00fcber Diebstahlschutz sowohl der Fahrr\u00e4der durch abschliessbare Rahmenklammern als auch des gesamten Fahrradtr\u00e4gers durch abschliessbare Pfannen f\u00fcr die Anh\u00e4ngerkupplung. Ausserdem sind die Modelle auf der Anh\u00e4ngerkupplung schwenkbar, bzw. bei den <a href=\"https:\/\/www.schlanser.ch\/atera\/\">Velotr\u00e4gern von Atera<\/a> sogar zus\u00e4tzlich ausziehbar, so dass Sie gegebenenfalls sogar die Heckklappe bei montierten Fahrr\u00e4dern \u00f6ffnen k\u00f6nnen. Dies variiert aber bei jedem Fahrzeugmodell und m\u00fcsste von Ihnen ausprobiert werden. Grunds\u00e4tzlich sind die hier beschriebenen Vorrichtungen universelle Tr\u00e4ger f\u00fcr PKW, k\u00f6nnen also bei einem Fahrzeugwechsel mitgenommen werden und passen ebenso auf die neue Anh\u00e4ngerkupplung.<\/p>\n<h2>Folgende Fahrradtr\u00e4ger machen Ihre Anh\u00e4ngerkupplung zum zuverl\u00e4ssigen Transporteur Ihrer Drahtesel<\/h2>\n<h3>Thule VeloSpace XT<\/h3>\n<p style=\"text-align: justify;\">Mit einem Eigengewicht von 18,7 Kilogramm weist der Thule VeloSpace XT eine Tragkraft von maximal 60 Kilogramm auf. Von E-Bikes und Fatbikes bis zu Kinderfahrr\u00e4dern k\u00f6nnen Sie hier jeden Fahrradtyp sicher und unkompliziert transportieren.<\/p>\n<p><img loading=\"lazy\" decoding=\"async\" class=\"aligncenter wp-image-8992\" title=\"Thule Fahrradtr\u00e4ger VeloSpace XT\" src=\"https:\/\/www.schlanser.ch\/magazin\/wp-content\/uploads\/2020\/04\/thule-fahrradtraeger-velospace-xt.jpg\" alt=\"thule-fahrradtraeger-velospace-xt\" width=\"500\" height=\"464\" srcset=\"https:\/\/www.schlanser.ch\/magazin\/wp-content\/uploads\/2020\/04\/thule-fahrradtraeger-velospace-xt.jpg 600w, https:\/\/www.schlanser.ch\/magazin\/wp-content\/uploads\/2020\/04\/thule-fahrradtraeger-velospace-xt-300x279.jpg 300w\" sizes=\"(max-width: 500px) 100vw, 500px\" \/><\/p>\n<p style=\"text-align: justify;\">Die Radschienen sind extra lang, deshalb k\u00f6nnen sogar grosse Velos mit bis zu 1300 Millimeter Radstand montiert werden. Die maximale Radbreite liegt bei 4,7 Zoll, daher k\u00f6nnen auch Fatbikes unproblematisch mitgenommen werden. Die einfache und komfortable Bedienung bei der Befestigung der Fahrr\u00e4der bietet dabei eine grosse Sicherheit.<\/p>\n<p><a href=\"https:\/\/www.schlanser.ch\/fahrzeug\/wohnwagen-wohnmobil-zubehoer\/fahrradtraeger-zubehoer\/30159\/thule-laderampe-xt\" class=\"broken_link\"><img loading=\"lazy\" decoding=\"async\" class=\"aligncenter wp-image-8997 size-full\" title=\"Thule Laderampe XT | einfach zu befestigen\" src=\"https:\/\/www.schlanser.ch\/magazin\/wp-content\/uploads\/2020\/04\/thule-laderampe-xt.jpg\" alt=\"thule-laderampe-xt\" width=\"600\" height=\"164\" srcset=\"https:\/\/www.schlanser.ch\/magazin\/wp-content\/uploads\/2020\/04\/thule-laderampe-xt.jpg 600w, https:\/\/www.schlanser.ch\/magazin\/wp-content\/uploads\/2020\/04\/thule-laderampe-xt-300x82.jpg 300w\" sizes=\"(max-width: 600px) 100vw, 600px\" \/><\/a><\/p>\n<p style=\"text-align: justify;\">Der Name <a href=\"https:\/\/www.schlanser.ch\/thule\/\">Thule<\/a> spricht gerade in diesem Punkt f\u00fcr sich selbst. Beispielsweise gibt es bei den Fahrradklammern einen Drehmomentbegrenzer, damit Sie immer die optimale Befestigungsstufe finden. Durch den Klappmechanismus bekommen Sie auch bei montierten Fahrr\u00e4dern weitgehend Zugang zum Kofferraum.<\/p>\n<h3>Die Flexiblen von Eufab \u2013 auf wechselnde Anzahl an Fahrr\u00e4dern eingestellt<\/h3>\n<p style=\"text-align: justify;\">Der Eufab Premium TG ist f\u00fcr den Transport von 2 Fahrr\u00e4dern ausgelegt, kann aber f\u00fcr 3 Fahrr\u00e4der erweitert werden. Das maximale Zuladungsgewicht liegt bei 60 Kilogramm, w\u00e4hrend das Eigengewicht bei 17 Kilogramm liegt.<\/p>\n<p><img loading=\"lazy\" decoding=\"async\" class=\"aligncenter wp-image-9008 size-full\" title=\"Eufab Fahrradtr\u00e4ger Anh\u00e4ngerkupplung Premium TG | speziell f\u00fcr empfindliche Rahmen\" src=\"https:\/\/www.schlanser.ch\/magazin\/wp-content\/uploads\/2020\/04\/eufab-fahrradtraeger-anhaengerkupplung-premium-tg.jpg\" alt=\"eufab-fahrradtraeger-anhaengerkupplung-premium-tg\" width=\"600\" height=\"375\" srcset=\"https:\/\/www.schlanser.ch\/magazin\/wp-content\/uploads\/2020\/04\/eufab-fahrradtraeger-anhaengerkupplung-premium-tg.jpg 600w, https:\/\/www.schlanser.ch\/magazin\/wp-content\/uploads\/2020\/04\/eufab-fahrradtraeger-anhaengerkupplung-premium-tg-300x188.jpg 300w\" sizes=\"(max-width: 600px) 100vw, 600px\" \/><\/p>\n<p style=\"text-align: justify;\">Der <a href=\"https:\/\/www.schlanser.ch\/eufab\/\">Eufab Fahrradtr\u00e4ger<\/a> ist mit aufgesetzten R\u00e4dern nicht abklappbar, gew\u00e4hrt also auch keinen Zugang zum Kofferraum. Ohne Fahrr\u00e4der ist er jedoch zusammenklappbar und daher sehr kompakt. M\u00f6glicherweise k\u00f6nnen Sie dann sogar eine der Heckt\u00fcren beim Kastenwagen \u00f6ffnen. Aber auch zum Verstauen im Keller ist das handliche Packmass im geklappten Zustand von Vorteil. Eine Aufbewahrungstasche ist als Zubeh\u00f6r erh\u00e4ltlich.<\/p>\n<p><a href=\"https:\/\/www.schlanser.ch\/fahrzeug\/wohnwagen-wohnmobil-zubehoer\/fahrradtraeger-zubehoer\/50843\/eufab-tasche-fahrradtraeger-premium-tg\" class=\"broken_link\"><img loading=\"lazy\" decoding=\"async\" class=\"aligncenter wp-image-9005\" title=\"Eufab Tasche Fahrradtr\u00e4ger Premium TG | sicher verstaut\" src=\"https:\/\/www.schlanser.ch\/magazin\/wp-content\/uploads\/2020\/04\/eufab-tasche-fahrradtraeger-premium-tg.jpg\" alt=\"eufab-tasche-fahrradtraeger-premium-tg\" width=\"354\" height=\"450\" srcset=\"https:\/\/www.schlanser.ch\/magazin\/wp-content\/uploads\/2020\/04\/eufab-tasche-fahrradtraeger-premium-tg.jpg 472w, https:\/\/www.schlanser.ch\/magazin\/wp-content\/uploads\/2020\/04\/eufab-tasche-fahrradtraeger-premium-tg-236x300.jpg 236w\" sizes=\"(max-width: 354px) 100vw, 354px\" \/><\/a><\/p>\n<p style=\"text-align: justify;\">Die maximale Reifenbreite darf hier bei 2,35 Zoll liegen, die L\u00e4nge von 138 Zentimetern l\u00e4sst die Nutzung auch f\u00fcr R\u00e4der mit grossem Radstand zu.<\/p>\n<h4>Eufab Jake<\/h4>\n<p style=\"text-align: justify;\">Der Eufab Jake erm\u00f6glicht ebenso bei einem Gewicht von 17 Kilogramm eine Zuladung von 60 Kilogramm, ist aber mit besonders stabilen Stahlrohr-Schienen ausgestattet.<\/p>\n<p><img loading=\"lazy\" decoding=\"async\" class=\"aligncenter wp-image-9012\" title=\"Eufab Fahrradtr\u00e4ger Anh\u00e4ngerkupplung Jake | extra stabile Stahlrohr-Schienen\" src=\"https:\/\/www.schlanser.ch\/magazin\/wp-content\/uploads\/2020\/04\/eufab-fahrradtraeger-anhaengerkupplung-jake.jpg\" alt=\"eufab-fahrradtraeger-anhaengerkupplung-jake\" width=\"500\" height=\"464\" srcset=\"https:\/\/www.schlanser.ch\/magazin\/wp-content\/uploads\/2020\/04\/eufab-fahrradtraeger-anhaengerkupplung-jake.jpg 600w, https:\/\/www.schlanser.ch\/magazin\/wp-content\/uploads\/2020\/04\/eufab-fahrradtraeger-anhaengerkupplung-jake-300x279.jpg 300w\" sizes=\"(max-width: 500px) 100vw, 500px\" \/><\/p>\n<p style=\"text-align: justify;\">Daf\u00fcr kann er nicht zusammengeklappt werden. Wohl aber kann er im beladenen Zustand, also mit einem bis zu drei Fahrr\u00e4dern, mit Erweiterungsschiene, vom Fahrzeugheck abgeklappt werden, um Zugang zum Kofferraum zu erm\u00f6glichen.<\/p>\n<h4>Eufab Crow Plus<\/h4>\n<p style=\"text-align: justify;\">Der Eufab Crow Plus ist f\u00fcr zwei Velos ausgelegt und mit einer Erweiterungsschiene auf 3 Fahrr\u00e4der ausbaubar. Beachten Sie die geringere Zuladung von maximal 50 Kilogramm. Daf\u00fcr ist der Fahrradtr\u00e4ger aber selbst ein Leichtgewicht und bringt nur 13,5 Kilogramm auf die Waage.<\/p>\n<p><img loading=\"lazy\" decoding=\"async\" class=\"aligncenter wp-image-9017\" title=\"Eufab Crow Plus Fahrradtr\u00e4ger\" src=\"https:\/\/www.schlanser.ch\/magazin\/wp-content\/uploads\/2020\/04\/eufab-crow-plus-fahrradtraeger.jpg\" alt=\"eufab-crow-plus-fahrradtraeger\" width=\"500\" height=\"383\" srcset=\"https:\/\/www.schlanser.ch\/magazin\/wp-content\/uploads\/2020\/04\/eufab-crow-plus-fahrradtraeger.jpg 600w, https:\/\/www.schlanser.ch\/magazin\/wp-content\/uploads\/2020\/04\/eufab-crow-plus-fahrradtraeger-300x230.jpg 300w\" sizes=\"(max-width: 500px) 100vw, 500px\" \/><\/p>\n<p style=\"text-align: justify;\">Geniale Klappmechanismen machen den Tr\u00e4ger in nur 5 Schritten einsatzbereit. Im kompakten Zustand sind R\u00fccklichter, Blinker, Schienen und B\u00fcgel eingeklappt. Zur \u00d6ffnung der Heckklappe kann der Tr\u00e4ger samt Fahrr\u00e4dern abgeklappt werden.<\/p>\n<h3>&#8222;Fahrradschublade&#8220; f\u00fcr geringe Bewegungseinschr\u00e4nkung der Heckt\u00fcr<\/h3>\n<p style=\"text-align: justify;\">Die Atera Fahrradtr\u00e4ger Strada DL2 und DL3 sind echte Leichtgewichte, sie wiegen nur 12,5 bzw. 14,5 Kilogramm und k\u00f6nnen mit bis zu 47 bzw. 45 Kilogramm beladen werden. Die Tr\u00e4ger sind f\u00fcr 2 bzw. 3 Fahrr\u00e4der geeignet, k\u00f6nnen auf mit einer zus\u00e4tzlichen Schiene um ein Fahrrad erweitert werden. Die Zusatzschiene darf allerdings nur ein geringeres Gewicht tragen als die Hauptschienen. Die Reifenbreite ist zun\u00e4chst auf 2,4 Zoll festgelegt, kann aber bei Bedarf mit Zubeh\u00f6r auf bis zu 4,0 Zoll erweitert werden.<\/p>\n<p><img loading=\"lazy\" decoding=\"async\" class=\"aligncenter wp-image-9021 size-full\" title=\"Atera Fahrradtr\u00e4ger Strada DL 2\" src=\"https:\/\/www.schlanser.ch\/magazin\/wp-content\/uploads\/2020\/04\/atera-fahrradtraeger-strada-dl-2.jpg\" alt=\"atera-fahrradtraeger-strada-dl-2\" width=\"600\" height=\"375\" srcset=\"https:\/\/www.schlanser.ch\/magazin\/wp-content\/uploads\/2020\/04\/atera-fahrradtraeger-strada-dl-2.jpg 600w, https:\/\/www.schlanser.ch\/magazin\/wp-content\/uploads\/2020\/04\/atera-fahrradtraeger-strada-dl-2-300x188.jpg 300w\" sizes=\"(max-width: 600px) 100vw, 600px\" \/><\/p>\n<p style=\"text-align: justify;\">Die geniale Konstruktion bei Atera enth\u00e4lt einen Rollenauszug, mit dem der Tr\u00e4ger im beladenen Zustand vom Fahrzeug wie bei einem Schubladenauszug entfernt und dann abgeklappt werden kann, so dass die Heckklappen ge\u00f6ffnet werden k\u00f6nnen. Die Zug\u00e4nglichkeit zum Kofferraum ist bei Atera Modellen besonders gross. Die Radschalen sind beweglich, so dass Sie Velos verschiedener Gr\u00f6sse montieren k\u00f6nnen.<\/p>\n<h4>Anh\u00e4ngerkupplung Strada Evo3<\/h4>\n<p style=\"text-align: justify;\">Der Atera Fahrradtr\u00e4ger f\u00fcr die Anh\u00e4ngerkupplung Strada Evo3 ist f\u00fcr 3 Fahrr\u00e4der ausgelegt und kann auf ein viertes erweitert werden. Mit diesem Tr\u00e4ger k\u00f6nnen Sie sogar zwei E-Bikes transportieren. Sie d\u00fcrfen maximal 66 Kilogramm zuladen.<\/p>\n<p><img loading=\"lazy\" decoding=\"async\" class=\"aligncenter wp-image-9024 size-full\" title=\"Atera Fahrradtr\u00e4ger Strada Evo 3\" src=\"https:\/\/www.schlanser.ch\/magazin\/wp-content\/uploads\/2020\/04\/atera-fahrradtraeger-strada-evo-3.jpg\" alt=\"atera-fahrradtraeger-strada-evo-3\" width=\"600\" height=\"370\" srcset=\"https:\/\/www.schlanser.ch\/magazin\/wp-content\/uploads\/2020\/04\/atera-fahrradtraeger-strada-evo-3.jpg 600w, https:\/\/www.schlanser.ch\/magazin\/wp-content\/uploads\/2020\/04\/atera-fahrradtraeger-strada-evo-3-300x185.jpg 300w\" sizes=\"(max-width: 600px) 100vw, 600px\" \/><\/p>\n<p style=\"text-align: justify;\">Das Eigengewicht betr\u00e4gt 19,8 Kilogramm. Der geniale Rollenauszug funktioniert auch bei diesem grossen Tr\u00e4ger einwandfrei. Auch hier sind die Radschalen frei positionierbar und mit dem speziellen Laufradschutz wird eine extreme Stabilit\u00e4t w\u00e4hrend der Fahrt erreicht.<\/p>\n<h2>Mehr Alternativen zum Transport von Velos<\/h2>\n<p style=\"text-align: justify;\">Anhand der hier vorgestellten Modelle k\u00f6nnen Sie den Fahrradtr\u00e4ger f\u00fcr die Anh\u00e4ngerkupplung heraussuchen, der auf Ihre Bed\u00fcrfnisse zugeschnitten ist. Falls Ihr Kraftfahrzeug allerdings nicht \u00fcber eine Anh\u00e4ngerkupplung verf\u00fcgt oder Sie damit den Wohnwagen ziehen wollen, gibt es noch gute Alternativen: Beispielsweise gibt es Heckklappen Fahrradtr\u00e4ger. Diese werden meist an der Heckklappe oder Heckt\u00fcr befestigt und bieten Platz f\u00fcr ein bis vier Fahrr\u00e4der.<\/p>\n<p><img loading=\"lazy\" decoding=\"async\" class=\"aligncenter wp-image-9027\" title=\"Fiamma Carry-Bike VW Caddy Fahrradtr\u00e4ger\" src=\"https:\/\/www.schlanser.ch\/magazin\/wp-content\/uploads\/2020\/04\/fiamma-carry-bike-vw-caddy-fahrradtraeger.jpg\" alt=\"fiamma-carry-bike-vw-caddy-fahrradtraeger\" width=\"500\" height=\"529\" srcset=\"https:\/\/www.schlanser.ch\/magazin\/wp-content\/uploads\/2020\/04\/fiamma-carry-bike-vw-caddy-fahrradtraeger.jpg 600w, https:\/\/www.schlanser.ch\/magazin\/wp-content\/uploads\/2020\/04\/fiamma-carry-bike-vw-caddy-fahrradtraeger-283x300.jpg 283w\" sizes=\"(max-width: 500px) 100vw, 500px\" \/><\/p>\n<p style=\"text-align: justify;\">Weiterhin gibt es Modelle zur Montage an die Heckgarage, die \u00e4hnlich konstruiert sind. Eine andere M\u00f6glichkeit ist, die Fahrr\u00e4der auf einem Dachtr\u00e4ger zu befestigen. Der Nachteil ist, dass der Luftwiderstand erh\u00f6ht wird, der Vorteil ist, dass der Platz auf dem Dach ansonsten meist ungenutzt bliebe und die Heckklappe uneingeschr\u00e4nkt zug\u00e4nglich ist.<\/p>\n<p><a href=\"https:\/\/www.schlanser.ch\/fahrzeug\/wohnwagen-wohnmobil-zubehoer\/fahrradtraeger\/291580\/fiamma-carry-bike-xl-a-pro-deichsel-fahrradtraeger\" class=\"broken_link\"><img loading=\"lazy\" decoding=\"async\" class=\"aligncenter wp-image-9032\" title=\"Fiamma Carry-Bike XL A Pro Deichsel Fahrradtr\u00e4ger\" src=\"https:\/\/www.schlanser.ch\/magazin\/wp-content\/uploads\/2020\/04\/fiamma-carry-bike-xl-a-pro-deichsel-fahrradtraeger.jpg\" alt=\"fiamma-carry-bike-xl-a-pro-deichsel-fahrradtraeger\" width=\"500\" height=\"432\" srcset=\"https:\/\/www.schlanser.ch\/magazin\/wp-content\/uploads\/2020\/04\/fiamma-carry-bike-xl-a-pro-deichsel-fahrradtraeger.jpg 600w, https:\/\/www.schlanser.ch\/magazin\/wp-content\/uploads\/2020\/04\/fiamma-carry-bike-xl-a-pro-deichsel-fahrradtraeger-300x259.jpg 300w\" sizes=\"(max-width: 500px) 100vw, 500px\" \/><\/a><\/p>\n<p style=\"text-align: justify;\">Im Falle eines Wohnwagens k\u00f6nnen Sie die Fahrr\u00e4der auch auf einem Deichseltr\u00e4ger befestigen. Dieser wird auf der Deichsel des Wohnwagens montiert und l\u00e4sst auch eine Nutzung eines ansonsten verschenkten Platzes zu. Dann ist der Zugang zum Kofferraum jedoch eingeschr\u00e4nkt, wie auch beim Heckklappen Fahrradtr\u00e4ger. Wenn Ihr Fahrzeug \u00fcber eine Anh\u00e4ngerkupplung verf\u00fcgt und diese auf Ihren Reisen frei bleibt, dann entscheiden Sie sich f\u00fcr universelle Tr\u00e4ger f\u00fcr PKW und Wohnmobil: den Fahrradtr\u00e4ger f\u00fcr die Anh\u00e4ngerkupplung.<\/p>\n","protected":false},"excerpt":{"rendered":"<p>\u00ab Universelle Tr\u00e4ger f\u00fcr fast jeden PKW \u00bb Wenn Sie Fahrradfahren lieben, dann m\u00f6chten Sie sicher auch im Urlaub nicht auf Ihr Velo verzichten. Das eigene Bike dabei zu haben bietet zuletzt viele Vorteile: Sie k\u00f6nnen am Urlaubsort die Gegend erkunden, die Radwege in der Natur der Ferienregion ausprobieren und vom Stellplatz oder Hotel aus &hellip;<\/p>\n","protected":false},"author":1,"featured_media":9015,"comment_status":"closed","ping_status":"open","sticky":false,"template":"","format":"standard","meta":{"footnotes":""},"categories":[3],"tags":[1198,1202,426,1203,1200,290,42,1199,1201,295],"yoast_head":"<!-- This site is optimized with the Yoast SEO plugin v22.2 - https:\/\/yoast.com\/wordpress\/plugins\/seo\/ -->\n<title>Fahrradtr\u00e4ger f\u00fcr die Anh\u00e4ngerkupplung - Schlanser Magazin<\/title>\n<meta name=\"description\" content=\"Ob Camper oder nicht \u2013 Das Schlanser Magazin berichtet \u00fcber Fahrradtr\u00e4ger, die universell passen \u2714 und den Urlaub mit Velo m\u00f6glich machen!\" \/>\n<meta name=\"robots\" content=\"index, follow, max-snippet:-1, max-image-preview:large, max-video-preview:-1\" \/>\n<link rel=\"canonical\" href=\"https:\/\/www.schlanser.ch\/magazin\/fahrradtraeger-fuer-die-anhaengerkupplung\/\" \/>\n<meta property=\"og:locale\" content=\"de_DE\" \/>\n<meta property=\"og:type\" content=\"article\" \/>\n<meta property=\"og:title\" content=\"Fahrradtr\u00e4ger f\u00fcr die Anh\u00e4ngerkupplung - Schlanser Magazin\" \/>\n<meta property=\"og:description\" content=\"Ob Camper oder nicht \u2013 Das Schlanser Magazin berichtet \u00fcber Fahrradtr\u00e4ger, die universell passen \u2714 und den Urlaub mit Velo m\u00f6glich machen!\" \/>\n<meta property=\"og:url\" content=\"https:\/\/www.schlanser.ch\/magazin\/fahrradtraeger-fuer-die-anhaengerkupplung\/\" \/>\n<meta property=\"og:site_name\" content=\"Schlanser Magazin\" \/>\n<meta property=\"article:published_time\" content=\"2020-03-02T09:58:46+00:00\" \/>\n<meta property=\"article:modified_time\" content=\"2024-06-17T14:05:34+00:00\" \/>\n<meta property=\"og:image\" content=\"https:\/\/www.schlanser.ch\/magazin\/wp-content\/uploads\/2020\/04\/fahrradtraeger-fuer-die-anhaengerkupplung.jpg\" \/>\n\t<meta property=\"og:image:width\" content=\"800\" \/>\n\t<meta property=\"og:image:height\" content=\"500\" \/>\n\t<meta property=\"og:image:type\" content=\"image\/jpeg\" \/>\n<meta name=\"author\" content=\"admin\" \/>\n<meta name=\"twitter:card\" content=\"summary_large_image\" \/>\n<meta name=\"twitter:label1\" content=\"Verfasst von\" \/>\n\t<meta name=\"twitter:data1\" content=\"admin\" \/>\n\t<meta name=\"twitter:label2\" content=\"Gesch\u00e4tzte Lesezeit\" \/>\n\t<meta name=\"twitter:data2\" content=\"9 Minuten\" \/>\n<script type=\"application\/ld+json\" class=\"yoast-schema-graph\">{\"@context\":\"https:\/\/schema.org\",\"@graph\":[{\"@type\":\"WebPage\",\"@id\":\"https:\/\/www.schlanser.ch\/magazin\/fahrradtraeger-fuer-die-anhaengerkupplung\/\",\"url\":\"https:\/\/www.schlanser.ch\/magazin\/fahrradtraeger-fuer-die-anhaengerkupplung\/\",\"name\":\"Fahrradtr\u00e4ger f\u00fcr die Anh\u00e4ngerkupplung - Schlanser Magazin\",\"isPartOf\":{\"@id\":\"https:\/\/www.schlanser.ch\/magazin\/#website\"},\"primaryImageOfPage\":{\"@id\":\"https:\/\/www.schlanser.ch\/magazin\/fahrradtraeger-fuer-die-anhaengerkupplung\/#primaryimage\"},\"image\":{\"@id\":\"https:\/\/www.schlanser.ch\/magazin\/fahrradtraeger-fuer-die-anhaengerkupplung\/#primaryimage\"},\"thumbnailUrl\":\"https:\/\/www.schlanser.ch\/magazin\/wp-content\/uploads\/2020\/04\/fahrradtraeger-fuer-die-anhaengerkupplung.jpg\",\"datePublished\":\"2020-03-02T09:58:46+00:00\",\"dateModified\":\"2024-06-17T14:05:34+00:00\",\"author\":{\"@id\":\"https:\/\/www.schlanser.ch\/magazin\/#\/schema\/person\/000db0a103eb2594ba3daf394b1dfea2\"},\"description\":\"Ob Camper oder nicht \u2013 Das Schlanser Magazin berichtet \u00fcber Fahrradtr\u00e4ger, die universell passen \u2714 und den Urlaub mit Velo m\u00f6glich machen!\",\"breadcrumb\":{\"@id\":\"https:\/\/www.schlanser.ch\/magazin\/fahrradtraeger-fuer-die-anhaengerkupplung\/#breadcrumb\"},\"inLanguage\":\"de-DE\",\"potentialAction\":[{\"@type\":\"ReadAction\",\"target\":[\"https:\/\/www.schlanser.ch\/magazin\/fahrradtraeger-fuer-die-anhaengerkupplung\/\"]}]},{\"@type\":\"ImageObject\",\"inLanguage\":\"de-DE\",\"@id\":\"https:\/\/www.schlanser.ch\/magazin\/fahrradtraeger-fuer-die-anhaengerkupplung\/#primaryimage\",\"url\":\"https:\/\/www.schlanser.ch\/magazin\/wp-content\/uploads\/2020\/04\/fahrradtraeger-fuer-die-anhaengerkupplung.jpg\",\"contentUrl\":\"https:\/\/www.schlanser.ch\/magazin\/wp-content\/uploads\/2020\/04\/fahrradtraeger-fuer-die-anhaengerkupplung.jpg\",\"width\":800,\"height\":500},{\"@type\":\"BreadcrumbList\",\"@id\":\"https:\/\/www.schlanser.ch\/magazin\/fahrradtraeger-fuer-die-anhaengerkupplung\/#breadcrumb\",\"itemListElement\":[{\"@type\":\"ListItem\",\"position\":1,\"name\":\"Startseite\",\"item\":\"https:\/\/www.schlanser.ch\/magazin\/\"},{\"@type\":\"ListItem\",\"position\":2,\"name\":\"Fahrradtr\u00e4ger f\u00fcr die Anh\u00e4ngerkupplung\"}]},{\"@type\":\"WebSite\",\"@id\":\"https:\/\/www.schlanser.ch\/magazin\/#website\",\"url\":\"https:\/\/www.schlanser.ch\/magazin\/\",\"name\":\"Schlanser Magazin\",\"description\":\"\",\"potentialAction\":[{\"@type\":\"SearchAction\",\"target\":{\"@type\":\"EntryPoint\",\"urlTemplate\":\"https:\/\/www.schlanser.ch\/magazin\/?s={search_term_string}\"},\"query-input\":\"required name=search_term_string\"}],\"inLanguage\":\"de-DE\"},{\"@type\":\"Person\",\"@id\":\"https:\/\/www.schlanser.ch\/magazin\/#\/schema\/person\/000db0a103eb2594ba3daf394b1dfea2\",\"name\":\"admin\",\"image\":{\"@type\":\"ImageObject\",\"inLanguage\":\"de-DE\",\"@id\":\"https:\/\/www.schlanser.ch\/magazin\/#\/schema\/person\/image\/\",\"url\":\"https:\/\/secure.gravatar.com\/avatar\/a794a4fe8a9b9c52241597eb381dfa2e?s=96&d=mm&r=g\",\"contentUrl\":\"https:\/\/secure.gravatar.com\/avatar\/a794a4fe8a9b9c52241597eb381dfa2e?s=96&d=mm&r=g\",\"caption\":\"admin\"}}]}<\/script>\n<!-- \/ Yoast SEO plugin. -->","yoast_head_json":{"title":"Fahrradtr\u00e4ger f\u00fcr die Anh\u00e4ngerkupplung - Schlanser Magazin","description":"Ob Camper oder nicht \u2013 Das Schlanser Magazin berichtet \u00fcber Fahrradtr\u00e4ger, die universell passen \u2714 und den Urlaub mit Velo m\u00f6glich machen!","robots":{"index":"index","follow":"follow","max-snippet":"max-snippet:-1","max-image-preview":"max-image-preview:large","max-video-preview":"max-video-preview:-1"},"canonical":"https:\/\/www.schlanser.ch\/magazin\/fahrradtraeger-fuer-die-anhaengerkupplung\/","og_locale":"de_DE","og_type":"article","og_title":"Fahrradtr\u00e4ger f\u00fcr die Anh\u00e4ngerkupplung - Schlanser Magazin","og_description":"Ob Camper oder nicht \u2013 Das Schlanser Magazin berichtet \u00fcber Fahrradtr\u00e4ger, die universell passen \u2714 und den Urlaub mit Velo m\u00f6glich machen!","og_url":"https:\/\/www.schlanser.ch\/magazin\/fahrradtraeger-fuer-die-anhaengerkupplung\/","og_site_name":"Schlanser Magazin","article_published_time":"2020-03-02T09:58:46+00:00","article_modified_time":"2024-06-17T14:05:34+00:00","og_image":[{"width":800,"height":500,"url":"https:\/\/www.schlanser.ch\/magazin\/wp-content\/uploads\/2020\/04\/fahrradtraeger-fuer-die-anhaengerkupplung.jpg","type":"image\/jpeg"}],"author":"admin","twitter_card":"summary_large_image","twitter_misc":{"Verfasst von":"admin","Gesch\u00e4tzte Lesezeit":"9 Minuten"},"schema":{"@context":"https:\/\/schema.org","@graph":[{"@type":"WebPage","@id":"https:\/\/www.schlanser.ch\/magazin\/fahrradtraeger-fuer-die-anhaengerkupplung\/","url":"https:\/\/www.schlanser.ch\/magazin\/fahrradtraeger-fuer-die-anhaengerkupplung\/","name":"Fahrradtr\u00e4ger f\u00fcr die Anh\u00e4ngerkupplung - Schlanser Magazin","isPartOf":{"@id":"https:\/\/www.schlanser.ch\/magazin\/#website"},"primaryImageOfPage":{"@id":"https:\/\/www.schlanser.ch\/magazin\/fahrradtraeger-fuer-die-anhaengerkupplung\/#primaryimage"},"image":{"@id":"https:\/\/www.schlanser.ch\/magazin\/fahrradtraeger-fuer-die-anhaengerkupplung\/#primaryimage"},"thumbnailUrl":"https:\/\/www.schlanser.ch\/magazin\/wp-content\/uploads\/2020\/04\/fahrradtraeger-fuer-die-anhaengerkupplung.jpg","datePublished":"2020-03-02T09:58:46+00:00","dateModified":"2024-06-17T14:05:34+00:00","author":{"@id":"https:\/\/www.schlanser.ch\/magazin\/#\/schema\/person\/000db0a103eb2594ba3daf394b1dfea2"},"description":"Ob Camper oder nicht \u2013 Das Schlanser Magazin berichtet \u00fcber Fahrradtr\u00e4ger, die universell passen \u2714 und den Urlaub mit Velo m\u00f6glich machen!","breadcrumb":{"@id":"https:\/\/www.schlanser.ch\/magazin\/fahrradtraeger-fuer-die-anhaengerkupplung\/#breadcrumb"},"inLanguage":"de-DE","potentialAction":[{"@type":"ReadAction","target":["https:\/\/www.schlanser.ch\/magazin\/fahrradtraeger-fuer-die-anhaengerkupplung\/"]}]},{"@type":"ImageObject","inLanguage":"de-DE","@id":"https:\/\/www.schlanser.ch\/magazin\/fahrradtraeger-fuer-die-anhaengerkupplung\/#primaryimage","url":"https:\/\/www.schlanser.ch\/magazin\/wp-content\/uploads\/2020\/04\/fahrradtraeger-fuer-die-anhaengerkupplung.jpg","contentUrl":"https:\/\/www.schlanser.ch\/magazin\/wp-content\/uploads\/2020\/04\/fahrradtraeger-fuer-die-anhaengerkupplung.jpg","width":800,"height":500},{"@type":"BreadcrumbList","@id":"https:\/\/www.schlanser.ch\/magazin\/fahrradtraeger-fuer-die-anhaengerkupplung\/#breadcrumb","itemListElement":[{"@type":"ListItem","position":1,"name":"Startseite","item":"https:\/\/www.schlanser.ch\/magazin\/"},{"@type":"ListItem","position":2,"name":"Fahrradtr\u00e4ger f\u00fcr die Anh\u00e4ngerkupplung"}]},{"@type":"WebSite","@id":"https:\/\/www.schlanser.ch\/magazin\/#website","url":"https:\/\/www.schlanser.ch\/magazin\/","name":"Schlanser Magazin","description":"","potentialAction":[{"@type":"SearchAction","target":{"@type":"EntryPoint","urlTemplate":"https:\/\/www.schlanser.ch\/magazin\/?s={search_term_string}"},"query-input":"required name=search_term_string"}],"inLanguage":"de-DE"},{"@type":"Person","@id":"https:\/\/www.schlanser.ch\/magazin\/#\/schema\/person\/000db0a103eb2594ba3daf394b1dfea2","name":"admin","image":{"@type":"ImageObject","inLanguage":"de-DE","@id":"https:\/\/www.schlanser.ch\/magazin\/#\/schema\/person\/image\/","url":"https:\/\/secure.gravatar.com\/avatar\/a794a4fe8a9b9c52241597eb381dfa2e?s=96&d=mm&r=g","contentUrl":"https:\/\/secure.gravatar.com\/avatar\/a794a4fe8a9b9c52241597eb381dfa2e?s=96&d=mm&r=g","caption":"admin"}}]}},"_links":{"self":[{"href":"https:\/\/www.schlanser.ch\/magazin\/wp-json\/wp\/v2\/posts\/8983"}],"collection":[{"href":"https:\/\/www.schlanser.ch\/magazin\/wp-json\/wp\/v2\/posts"}],"about":[{"href":"https:\/\/www.schlanser.ch\/magazin\/wp-json\/wp\/v2\/types\/post"}],"author":[{"embeddable":true,"href":"https:\/\/www.schlanser.ch\/magazin\/wp-json\/wp\/v2\/users\/1"}],"replies":[{"embeddable":true,"href":"https:\/\/www.schlanser.ch\/magazin\/wp-json\/wp\/v2\/comments?post=8983"}],"version-history":[{"count":50,"href":"https:\/\/www.schlanser.ch\/magazin\/wp-json\/wp\/v2\/posts\/8983\/revisions"}],"predecessor-version":[{"id":18014,"href":"https:\/\/www.schlanser.ch\/magazin\/wp-json\/wp\/v2\/posts\/8983\/revisions\/18014"}],"wp:featuredmedia":[{"embeddable":true,"href":"https:\/\/www.schlanser.ch\/magazin\/wp-json\/wp\/v2\/media\/9015"}],"wp:attachment":[{"href":"https:\/\/www.schlanser.ch\/magazin\/wp-json\/wp\/v2\/media?parent=8983"}],"wp:term":[{"taxonomy":"category","embeddable":true,"href":"https:\/\/www.schlanser.ch\/magazin\/wp-json\/wp\/v2\/categories?post=8983"},{"taxonomy":"post_tag","embeddable":true,"href":"https:\/\/www.schlanser.ch\/magazin\/wp-json\/wp\/v2\/tags?post=8983"}],"curies":[{"name":"wp","href":"https:\/\/api.w.org\/{rel}","templated":true}]}}