{"id":9041,"date":"2020-03-10T14:48:55","date_gmt":"2020-03-10T13:48:55","guid":{"rendered":"https:\/\/www.schlanser.ch\/magazin\/?p=9041"},"modified":"2024-01-10T15:43:47","modified_gmt":"2024-01-10T14:43:47","slug":"thule-panorama","status":"publish","type":"post","link":"https:\/\/www.schlanser.ch\/magazin\/thule-panorama\/","title":{"rendered":"Thule Panorama"},"content":{"rendered":"<h2>\u00ab Markisenvorzelt mit Weitblick \u00bb<\/h2>\n<p style=\"text-align: justify;\"><strong>Wer mit dem Wohnmobil auf Tour ist und seinen Urlaub nicht an einem Standort verbringt, f\u00fcr den ist ein Markisenvorzelt eine praktische Anschaffung. Wenn Sie nach langer Fahrt endlich auf dem Campingplatz angekommen sind, erspart Ihnen ein solches Vorzelt einiges an m\u00fchseliger Arbeit. Gegen\u00fcber einem traditionellen Vorzelt l\u00e4sst sich das Markisenvorzelt meist ohne m\u00fchevolles Abspannen aufbauen. Vom Qualit\u00e4tshersteller Thule kommt das Panorama Markisenvorzelt, das sich nicht nur im Handumdrehen aufstellen l\u00e4sst, sondern auch einen fantastischen Rundumblick erm\u00f6glicht. <\/strong><\/p>\n<h2>Markisenvorzelt oder Vorzelt?<\/h2>\n<p style=\"text-align: justify;\">Markisen- und Vorzelt erh\u00f6hen den Campingkomfort ganz erheblich. Die beiden Zeltarten unterscheiden sich vor allem durch den Aufwand, der beim Auf- und Abbauen n\u00f6tig ist. <a href=\"https:\/\/www.schlanser.ch\/zelte\/vorzelte\/\">Vorzelte<\/a> bestehen aus einem Gest\u00e4nge, einem Dach und den einsetzbaren W\u00e4nden. Aus welchem Material die Stangen bestehen, ist unterschiedlich. H\u00e4ufig wird daf\u00fcr Aluminium, Carbon oder auch Stahl verwendet. Das Dach und die W\u00e4nde sollten in jedem Fall wasserdicht sein, sonst bringt das Zelt nicht viel. Meistens bestehen diese aus synthetischen Materialien, zum Beispiel Acryl oder PVC.<\/p>\n<p><a href=\"https:\/\/www.schlanser.ch\/zelte\/vorzelte\/markisenzubehoer\/52325\/thule-moskitonetz-seitenwand-fuer-markisen-vorzelt-panorama\"><img loading=\"lazy\" decoding=\"async\" class=\"aligncenter wp-image-9057 size-full\" title=\"Moskitonetz Seitenwand von Thule f\u00fcr das Markisen-Vorzelt Panorama\" src=\"https:\/\/www.schlanser.ch\/magazin\/wp-content\/uploads\/2020\/04\/thule-moskitonetz-seitenwand-markisen-vorzelt-panorama.jpg\" alt=\"thule-moskitonetz-seitenwand-markisen-vorzelt-panorama\" width=\"600\" height=\"375\" srcset=\"https:\/\/www.schlanser.ch\/magazin\/wp-content\/uploads\/2020\/04\/thule-moskitonetz-seitenwand-markisen-vorzelt-panorama.jpg 600w, https:\/\/www.schlanser.ch\/magazin\/wp-content\/uploads\/2020\/04\/thule-moskitonetz-seitenwand-markisen-vorzelt-panorama-300x188.jpg 300w\" sizes=\"(max-width: 600px) 100vw, 600px\" \/><\/a><\/p>\n<p style=\"text-align: justify;\">Der Nachteil eines Vorzelts ist, dass der Auf- und Abbau ziemlich zeitintensiv ist. Doch der Aufwand l\u00e4sst sich erheblich reduzieren, wenn Sie ein Markisenvorzelt verwenden. Diese Zelte verf\u00fcgen \u00fcber ein ausfahrbares Gestell, welches mit einem Stoff aus Synthetik bespannt ist. Ein Markisenvorzelt, die auch Vorzeltmarkise genannt werden, vereint das Vorzelt und die <a href=\"https:\/\/www.schlanser.ch\/zelte\/vorzelte\/markisen-sonnensegel\/\">Markise<\/a>.<\/p>\n<p><a href=\"https:\/\/www.schlanser.ch\/zelte\/vorzelte\/markisenzubehoer\/52325\/thule-moskitonetz-seitenwand-fuer-markisen-vorzelt-panorama\"><img loading=\"lazy\" decoding=\"async\" class=\"aligncenter wp-image-9047\" title=\"Thule Moskitonetz Seitenwand f\u00fcr Markisen-Vorzelt Panorama\" src=\"https:\/\/www.schlanser.ch\/magazin\/wp-content\/uploads\/2020\/04\/thule-moskitonetz-seitenwand-fuer-markisen-vorzelt-panorama.jpg\" alt=\"thule-moskitonetz-seitenwand-fuer-markisen-vorzelt-panorama\" width=\"350\" height=\"380\" srcset=\"https:\/\/www.schlanser.ch\/magazin\/wp-content\/uploads\/2020\/04\/thule-moskitonetz-seitenwand-fuer-markisen-vorzelt-panorama.jpg 400w, https:\/\/www.schlanser.ch\/magazin\/wp-content\/uploads\/2020\/04\/thule-moskitonetz-seitenwand-fuer-markisen-vorzelt-panorama-276x300.jpg 276w\" sizes=\"(max-width: 350px) 100vw, 350px\" \/><\/a><\/p>\n<p style=\"text-align: justify;\">An der Markise befinden sich zus\u00e4tzliche Front- und Seitenw\u00e4nde, so ergibt sich wie bei einem Vorzelt ein geschlossener Raum. Wer viel mit dem Camper unterwegs ist und eine gute Alternative zu herk\u00f6mmlichen Vorzelten sucht, ist mit einer Vorzeltmarkise gut beraten. Diese l\u00e4sst sich deutlich schneller aufbauen, was besonders nach einer anstrengenden Fahrt eine Wohltat sein kann. Nach dem Sie sich Ihre Parzelle gesucht haben und Ihr Wohnmobil sicher platziert haben, m\u00fcssen Sie einfach nur die Markise ausrollen. Damit haben Sie schon mal etwas Schatten und sind vor leichtem Regen gesch\u00fctzt.<\/p>\n<blockquote>\n<p style=\"text-align: justify;\">Wenn Sie vollst\u00e4ndigen Schutz erreichen m\u00f6chten, m\u00fcssen Sie nur die einzelnen Seiten- und Frontteile zum Einsatz bringen.<\/p>\n<\/blockquote>\n<p style=\"text-align: justify;\">Ideal ist das auch, wenn Sie mit Ihrem Wohnmobil einen Tagesausflug unternehmen wollen. Ruckzuck ist das Zelt abgebaut und Sie k\u00f6nnen starten.<\/p>\n<h2>Die Thule Panorama Vorzeltmarkise<\/h2>\n<p style=\"text-align: justify;\">Auff\u00e4llig an dem Thule Panorama Zelt ist zun\u00e4chst die Optik. Es ist wohl eines der ersten Markisenzelte auf dem Markt, die sich rein \u00e4usserlich kaum von dem klassischen Vorzelt unterscheiden. Das Design verspricht hochwertige Verarbeitung und dieser Eindruck t\u00e4uscht nicht. Thule wird seinem Ruf gerecht, alle Panoramazelte sind \u00e4usserst hochwertig und die Details sind mit besonderer Sorgfalt gearbeitet.<\/p>\n<p><img loading=\"lazy\" decoding=\"async\" class=\"aligncenter wp-image-9059 size-full\" title=\"Thule Panorama 6200\/6300 Markisen-Vorzelt XL 4,25\" src=\"https:\/\/www.schlanser.ch\/magazin\/wp-content\/uploads\/2020\/04\/Thule-Panorama-Vorzeltmarkise.jpg\" alt=\"Thule Panorama Vorzeltmarkise\" width=\"600\" height=\"375\" srcset=\"https:\/\/www.schlanser.ch\/magazin\/wp-content\/uploads\/2020\/04\/Thule-Panorama-Vorzeltmarkise.jpg 600w, https:\/\/www.schlanser.ch\/magazin\/wp-content\/uploads\/2020\/04\/Thule-Panorama-Vorzeltmarkise-300x188.jpg 300w\" sizes=\"(max-width: 600px) 100vw, 600px\" \/><\/p>\n<h3>Bequemer Aufbau und fantastische Rundumsicht<\/h3>\n<p style=\"text-align: justify;\">Um das Thule Panoramazelt aufzubauen m\u00fcssen sie nur die Aluminiumprofile des Zeltes in die Markise klicken und schon k\u00f6nnen Sie die Seitenw\u00e4nde anbringen. Der Aufbau ist, wenn man ge\u00fcbt ist, in 10-20 Minuten zu bewerkstelligen. So sorgen Sie im Handumdrehen f\u00fcr Sonnen- und Wetterschutz. Und das ohne, dass Zeltw\u00e4nde die Sicht versperren. Das Panoramazelt von Thule macht, was die Aussicht angeht, seinem Namen alle Ehre. Es bietet nicht nur zus\u00e4tzlichen Raum, sondern l\u00e4dt mit seiner fantastischen Rundumsicht zum gem\u00fctlichen Beisammensitzen ein.<\/p>\n<p><iframe loading=\"lazy\" src=\"https:\/\/www.youtube-nocookie.com\/embed\/CJA7V28VfM8\" width=\"560\" height=\"315\" frameborder=\"0\" allowfullscreen=\"allowfullscreen\"><\/iframe><\/p>\n<h3>Zus\u00e4tzlicher Schlafraum flexible Nutzung<\/h3>\n<p style=\"text-align: justify;\">Auch als zus\u00e4tzlicher Schlafraum kann es genutzt werden, denn die grossen Aussichtsfenster sind mit Moskitonetzen versehen und zus\u00e4tzliche Bel\u00fcftungsstreifen auf beiden Seiten erm\u00f6glichen auch bei geschlossenem Zelt eine perfekte Luftzirkulation. Dank dieser intelligenten Bel\u00fcftung bleibt es im Inneren des Panoramazelts stets angenehm luftig.<\/p>\n<h3>Schutz bei jedem Wetter<\/h3>\n<p style=\"text-align: justify;\">Auch vor Wind und Wetter sch\u00fctzt Sie das Thule-Panorama-Zelt zuverl\u00e4ssig, daf\u00fcr sorgt die Bodensch\u00fcrze, die mitgeliefert wird und die vorhandenen Klemmprofile, die verhindern, dass Regen eindringen kann. St\u00e4rkerem Wind trotzen Gest\u00e4nge und Zeltw\u00e4nde, die aus sehr reissfestem Material gefertigt sind.<\/p>\n<blockquote>\n<p style=\"text-align: justify;\">Selbst gr\u00f6ssere Niederschlagsmengen sind kein Problem f\u00fcr das Panoramazelt, denn bei Thule liegen die Gest\u00e4nge aussen an, so kann die H\u00fclle vollst\u00e4ndig geschlossen werden.<\/p>\n<\/blockquote>\n<h3>Robustes Material<\/h3>\n<p style=\"text-align: justify;\">Das Gewebe des Panoramazelts ist aus robustem Airtex-Material gefertigt. Es ist nicht nur wasserdicht, sondern auch atmungsaktiv. Die Airtex-Faser der Aussenhaut zeichnet sich dadurch aus, dass sie so gut wie keine Feuchtigkeit aufnimmt, das verhindert, dass sich Schimmel oder Pilze an der Oberfl\u00e4che bilden. Das Airtex-Material ist auch daf\u00fcr verantwortlich, dass sich das Thule Panorama Zelt leicht reinigen l\u00e4sst und Wartung sowie Pflege wenig Aufwand in Anspruch nehmen, denn es ist \u00e4usserst robust.<\/p>\n<p><img loading=\"lazy\" decoding=\"async\" class=\"aligncenter wp-image-9062\" title=\"Thule Panorama 5200 Markisen-Vorzelt Large 3,0\" src=\"https:\/\/www.schlanser.ch\/magazin\/wp-content\/uploads\/2020\/04\/thule-panorama-5200-markisen-vorzelt-large-3-0.jpg\" alt=\"thule-panorama-5200-markisen-vorzelt-large-3-0\" width=\"500\" height=\"432\" srcset=\"https:\/\/www.schlanser.ch\/magazin\/wp-content\/uploads\/2020\/04\/thule-panorama-5200-markisen-vorzelt-large-3-0.jpg 600w, https:\/\/www.schlanser.ch\/magazin\/wp-content\/uploads\/2020\/04\/thule-panorama-5200-markisen-vorzelt-large-3-0-300x259.jpg 300w\" sizes=\"(max-width: 500px) 100vw, 500px\" \/><\/p>\n<p style=\"text-align: justify;\">F\u00fcr den Fall, dass Sie ungest\u00f6rt sein wollen verf\u00fcgt das Panorama Zelt \u00fcber Vorh\u00e4nge zum vollst\u00e4ndigen Sichtschutz, diese sind besonders n\u00fctzlich, wenn Sie das Zelt einmal als zus\u00e4tzlichen Schlafplatz nutzen m\u00f6chten. Aber auch an heissen Tagen haben sich die Vorh\u00e4nge bew\u00e4hrt, dann bieten Sie zus\u00e4tzlichen Schutz vor direkter Sonneneinstrahlung.<\/p>\n<p><iframe loading=\"lazy\" src=\"https:\/\/www.youtube-nocookie.com\/embed\/LF7IyvW6r4g\" width=\"560\" height=\"315\" frameborder=\"0\" allowfullscreen=\"allowfullscreen\"><\/iframe><\/p>\n<h3>F\u00fcr unterschiedliche Markisenpassformen geeignet<\/h3>\n<p style=\"text-align: justify;\">Das Panoramavorzelt k\u00f6nnen Sie f\u00fcr mehrere Markisen von Thule Omnistor verwenden. Abh\u00e4ngig von der Passform der Wohnmobilmarkise, gibt es das Thule Panoramazelt in der passenden Gr\u00f6sse. Einen Blick auf die Typbezeichnung Ihrer Markise, verschafft Ihnen Klarheit dar\u00fcber, welches Zelt das richtige ist. Beim Aufbau ist auf eine minimale Montageh\u00f6he von 2,30 Meter zu achten, die maximale Montageh\u00f6he liegt bei 2,74 Meter.<\/p>\n","protected":false},"excerpt":{"rendered":"<p>\u00ab Markisenvorzelt mit Weitblick \u00bb Wer mit dem Wohnmobil auf Tour ist und seinen Urlaub nicht an einem Standort verbringt, f\u00fcr den ist ein Markisenvorzelt eine praktische Anschaffung. Wenn Sie nach langer Fahrt endlich auf dem Campingplatz angekommen sind, erspart Ihnen ein solches Vorzelt einiges an m\u00fchseliger Arbeit. Gegen\u00fcber einem traditionellen Vorzelt l\u00e4sst sich das &hellip;<\/p>\n","protected":false},"author":1,"featured_media":9053,"comment_status":"closed","ping_status":"open","sticky":false,"template":"","format":"standard","meta":{"footnotes":""},"categories":[3],"tags":[31,937,1205,429,295,1204,377,395,1206],"yoast_head":"<!-- This site is optimized with the Yoast SEO plugin v22.2 - https:\/\/yoast.com\/wordpress\/plugins\/seo\/ -->\n<title>Thule Panorama - Schlanser Magazin<\/title>\n<meta name=\"description\" content=\"Vorzelt oder Markisenvorzelt? Das Schlanser Magazin stellt das Markisenvorzelt \u2714 Panorama von Thule und dessen Vorteile vor!\" \/>\n<meta name=\"robots\" content=\"index, follow, max-snippet:-1, max-image-preview:large, max-video-preview:-1\" \/>\n<link rel=\"canonical\" href=\"https:\/\/www.schlanser.ch\/magazin\/thule-panorama\/\" \/>\n<meta property=\"og:locale\" content=\"de_DE\" \/>\n<meta property=\"og:type\" content=\"article\" \/>\n<meta property=\"og:title\" content=\"Thule Panorama - Schlanser Magazin\" \/>\n<meta property=\"og:description\" content=\"Vorzelt oder Markisenvorzelt? Das Schlanser Magazin stellt das Markisenvorzelt \u2714 Panorama von Thule und dessen Vorteile vor!\" \/>\n<meta property=\"og:url\" content=\"https:\/\/www.schlanser.ch\/magazin\/thule-panorama\/\" \/>\n<meta property=\"og:site_name\" content=\"Schlanser Magazin\" \/>\n<meta property=\"article:published_time\" content=\"2020-03-10T13:48:55+00:00\" \/>\n<meta property=\"article:modified_time\" content=\"2024-01-10T14:43:47+00:00\" \/>\n<meta property=\"og:image\" content=\"https:\/\/www.schlanser.ch\/magazin\/wp-content\/uploads\/2020\/04\/thule-panorama.jpg\" \/>\n\t<meta property=\"og:image:width\" content=\"800\" \/>\n\t<meta property=\"og:image:height\" content=\"499\" \/>\n\t<meta property=\"og:image:type\" content=\"image\/jpeg\" \/>\n<meta name=\"author\" content=\"admin\" \/>\n<meta name=\"twitter:card\" content=\"summary_large_image\" \/>\n<meta name=\"twitter:label1\" content=\"Verfasst von\" \/>\n\t<meta name=\"twitter:data1\" content=\"admin\" \/>\n\t<meta name=\"twitter:label2\" content=\"Gesch\u00e4tzte Lesezeit\" \/>\n\t<meta name=\"twitter:data2\" content=\"4 Minuten\" \/>\n<script type=\"application\/ld+json\" class=\"yoast-schema-graph\">{\"@context\":\"https:\/\/schema.org\",\"@graph\":[{\"@type\":\"WebPage\",\"@id\":\"https:\/\/www.schlanser.ch\/magazin\/thule-panorama\/\",\"url\":\"https:\/\/www.schlanser.ch\/magazin\/thule-panorama\/\",\"name\":\"Thule Panorama - Schlanser Magazin\",\"isPartOf\":{\"@id\":\"https:\/\/www.schlanser.ch\/magazin\/#website\"},\"primaryImageOfPage\":{\"@id\":\"https:\/\/www.schlanser.ch\/magazin\/thule-panorama\/#primaryimage\"},\"image\":{\"@id\":\"https:\/\/www.schlanser.ch\/magazin\/thule-panorama\/#primaryimage\"},\"thumbnailUrl\":\"https:\/\/www.schlanser.ch\/magazin\/wp-content\/uploads\/2020\/04\/thule-panorama.jpg\",\"datePublished\":\"2020-03-10T13:48:55+00:00\",\"dateModified\":\"2024-01-10T14:43:47+00:00\",\"author\":{\"@id\":\"https:\/\/www.schlanser.ch\/magazin\/#\/schema\/person\/000db0a103eb2594ba3daf394b1dfea2\"},\"description\":\"Vorzelt oder Markisenvorzelt? Das Schlanser Magazin stellt das Markisenvorzelt \u2714 Panorama von Thule und dessen Vorteile vor!\",\"breadcrumb\":{\"@id\":\"https:\/\/www.schlanser.ch\/magazin\/thule-panorama\/#breadcrumb\"},\"inLanguage\":\"de-DE\",\"potentialAction\":[{\"@type\":\"ReadAction\",\"target\":[\"https:\/\/www.schlanser.ch\/magazin\/thule-panorama\/\"]}]},{\"@type\":\"ImageObject\",\"inLanguage\":\"de-DE\",\"@id\":\"https:\/\/www.schlanser.ch\/magazin\/thule-panorama\/#primaryimage\",\"url\":\"https:\/\/www.schlanser.ch\/magazin\/wp-content\/uploads\/2020\/04\/thule-panorama.jpg\",\"contentUrl\":\"https:\/\/www.schlanser.ch\/magazin\/wp-content\/uploads\/2020\/04\/thule-panorama.jpg\",\"width\":800,\"height\":499},{\"@type\":\"BreadcrumbList\",\"@id\":\"https:\/\/www.schlanser.ch\/magazin\/thule-panorama\/#breadcrumb\",\"itemListElement\":[{\"@type\":\"ListItem\",\"position\":1,\"name\":\"Startseite\",\"item\":\"https:\/\/www.schlanser.ch\/magazin\/\"},{\"@type\":\"ListItem\",\"position\":2,\"name\":\"Thule Panorama\"}]},{\"@type\":\"WebSite\",\"@id\":\"https:\/\/www.schlanser.ch\/magazin\/#website\",\"url\":\"https:\/\/www.schlanser.ch\/magazin\/\",\"name\":\"Schlanser Magazin\",\"description\":\"\",\"potentialAction\":[{\"@type\":\"SearchAction\",\"target\":{\"@type\":\"EntryPoint\",\"urlTemplate\":\"https:\/\/www.schlanser.ch\/magazin\/?s={search_term_string}\"},\"query-input\":\"required name=search_term_string\"}],\"inLanguage\":\"de-DE\"},{\"@type\":\"Person\",\"@id\":\"https:\/\/www.schlanser.ch\/magazin\/#\/schema\/person\/000db0a103eb2594ba3daf394b1dfea2\",\"name\":\"admin\",\"image\":{\"@type\":\"ImageObject\",\"inLanguage\":\"de-DE\",\"@id\":\"https:\/\/www.schlanser.ch\/magazin\/#\/schema\/person\/image\/\",\"url\":\"https:\/\/secure.gravatar.com\/avatar\/a794a4fe8a9b9c52241597eb381dfa2e?s=96&d=mm&r=g\",\"contentUrl\":\"https:\/\/secure.gravatar.com\/avatar\/a794a4fe8a9b9c52241597eb381dfa2e?s=96&d=mm&r=g\",\"caption\":\"admin\"}}]}<\/script>\n<!-- \/ Yoast SEO plugin. -->","yoast_head_json":{"title":"Thule Panorama - Schlanser Magazin","description":"Vorzelt oder Markisenvorzelt? Das Schlanser Magazin stellt das Markisenvorzelt \u2714 Panorama von Thule und dessen Vorteile vor!","robots":{"index":"index","follow":"follow","max-snippet":"max-snippet:-1","max-image-preview":"max-image-preview:large","max-video-preview":"max-video-preview:-1"},"canonical":"https:\/\/www.schlanser.ch\/magazin\/thule-panorama\/","og_locale":"de_DE","og_type":"article","og_title":"Thule Panorama - Schlanser Magazin","og_description":"Vorzelt oder Markisenvorzelt? Das Schlanser Magazin stellt das Markisenvorzelt \u2714 Panorama von Thule und dessen Vorteile vor!","og_url":"https:\/\/www.schlanser.ch\/magazin\/thule-panorama\/","og_site_name":"Schlanser Magazin","article_published_time":"2020-03-10T13:48:55+00:00","article_modified_time":"2024-01-10T14:43:47+00:00","og_image":[{"width":800,"height":499,"url":"https:\/\/www.schlanser.ch\/magazin\/wp-content\/uploads\/2020\/04\/thule-panorama.jpg","type":"image\/jpeg"}],"author":"admin","twitter_card":"summary_large_image","twitter_misc":{"Verfasst von":"admin","Gesch\u00e4tzte Lesezeit":"4 Minuten"},"schema":{"@context":"https:\/\/schema.org","@graph":[{"@type":"WebPage","@id":"https:\/\/www.schlanser.ch\/magazin\/thule-panorama\/","url":"https:\/\/www.schlanser.ch\/magazin\/thule-panorama\/","name":"Thule Panorama - Schlanser Magazin","isPartOf":{"@id":"https:\/\/www.schlanser.ch\/magazin\/#website"},"primaryImageOfPage":{"@id":"https:\/\/www.schlanser.ch\/magazin\/thule-panorama\/#primaryimage"},"image":{"@id":"https:\/\/www.schlanser.ch\/magazin\/thule-panorama\/#primaryimage"},"thumbnailUrl":"https:\/\/www.schlanser.ch\/magazin\/wp-content\/uploads\/2020\/04\/thule-panorama.jpg","datePublished":"2020-03-10T13:48:55+00:00","dateModified":"2024-01-10T14:43:47+00:00","author":{"@id":"https:\/\/www.schlanser.ch\/magazin\/#\/schema\/person\/000db0a103eb2594ba3daf394b1dfea2"},"description":"Vorzelt oder Markisenvorzelt? Das Schlanser Magazin stellt das Markisenvorzelt \u2714 Panorama von Thule und dessen Vorteile vor!","breadcrumb":{"@id":"https:\/\/www.schlanser.ch\/magazin\/thule-panorama\/#breadcrumb"},"inLanguage":"de-DE","potentialAction":[{"@type":"ReadAction","target":["https:\/\/www.schlanser.ch\/magazin\/thule-panorama\/"]}]},{"@type":"ImageObject","inLanguage":"de-DE","@id":"https:\/\/www.schlanser.ch\/magazin\/thule-panorama\/#primaryimage","url":"https:\/\/www.schlanser.ch\/magazin\/wp-content\/uploads\/2020\/04\/thule-panorama.jpg","contentUrl":"https:\/\/www.schlanser.ch\/magazin\/wp-content\/uploads\/2020\/04\/thule-panorama.jpg","width":800,"height":499},{"@type":"BreadcrumbList","@id":"https:\/\/www.schlanser.ch\/magazin\/thule-panorama\/#breadcrumb","itemListElement":[{"@type":"ListItem","position":1,"name":"Startseite","item":"https:\/\/www.schlanser.ch\/magazin\/"},{"@type":"ListItem","position":2,"name":"Thule Panorama"}]},{"@type":"WebSite","@id":"https:\/\/www.schlanser.ch\/magazin\/#website","url":"https:\/\/www.schlanser.ch\/magazin\/","name":"Schlanser Magazin","description":"","potentialAction":[{"@type":"SearchAction","target":{"@type":"EntryPoint","urlTemplate":"https:\/\/www.schlanser.ch\/magazin\/?s={search_term_string}"},"query-input":"required name=search_term_string"}],"inLanguage":"de-DE"},{"@type":"Person","@id":"https:\/\/www.schlanser.ch\/magazin\/#\/schema\/person\/000db0a103eb2594ba3daf394b1dfea2","name":"admin","image":{"@type":"ImageObject","inLanguage":"de-DE","@id":"https:\/\/www.schlanser.ch\/magazin\/#\/schema\/person\/image\/","url":"https:\/\/secure.gravatar.com\/avatar\/a794a4fe8a9b9c52241597eb381dfa2e?s=96&d=mm&r=g","contentUrl":"https:\/\/secure.gravatar.com\/avatar\/a794a4fe8a9b9c52241597eb381dfa2e?s=96&d=mm&r=g","caption":"admin"}}]}},"_links":{"self":[{"href":"https:\/\/www.schlanser.ch\/magazin\/wp-json\/wp\/v2\/posts\/9041"}],"collection":[{"href":"https:\/\/www.schlanser.ch\/magazin\/wp-json\/wp\/v2\/posts"}],"about":[{"href":"https:\/\/www.schlanser.ch\/magazin\/wp-json\/wp\/v2\/types\/post"}],"author":[{"embeddable":true,"href":"https:\/\/www.schlanser.ch\/magazin\/wp-json\/wp\/v2\/users\/1"}],"replies":[{"embeddable":true,"href":"https:\/\/www.schlanser.ch\/magazin\/wp-json\/wp\/v2\/comments?post=9041"}],"version-history":[{"count":22,"href":"https:\/\/www.schlanser.ch\/magazin\/wp-json\/wp\/v2\/posts\/9041\/revisions"}],"predecessor-version":[{"id":17216,"href":"https:\/\/www.schlanser.ch\/magazin\/wp-json\/wp\/v2\/posts\/9041\/revisions\/17216"}],"wp:featuredmedia":[{"embeddable":true,"href":"https:\/\/www.schlanser.ch\/magazin\/wp-json\/wp\/v2\/media\/9053"}],"wp:attachment":[{"href":"https:\/\/www.schlanser.ch\/magazin\/wp-json\/wp\/v2\/media?parent=9041"}],"wp:term":[{"taxonomy":"category","embeddable":true,"href":"https:\/\/www.schlanser.ch\/magazin\/wp-json\/wp\/v2\/categories?post=9041"},{"taxonomy":"post_tag","embeddable":true,"href":"https:\/\/www.schlanser.ch\/magazin\/wp-json\/wp\/v2\/tags?post=9041"}],"curies":[{"name":"wp","href":"https:\/\/api.w.org\/{rel}","templated":true}]}}