{"id":9255,"date":"2020-04-07T18:14:54","date_gmt":"2020-04-07T16:14:54","guid":{"rendered":"https:\/\/www.schlanser.ch\/magazin\/?p=9255"},"modified":"2024-01-10T15:43:52","modified_gmt":"2024-01-10T14:43:52","slug":"die-schlafkabine-fuers-vorzelt","status":"publish","type":"post","link":"https:\/\/www.schlanser.ch\/magazin\/die-schlafkabine-fuers-vorzelt\/","title":{"rendered":"Die Schlafkabine f\u00fcrs Vorzelt"},"content":{"rendered":"<h2>\u00ab Schaffen Sie Gem\u00fctlichkeit<span data-ccp-props=\"{&quot;201341983&quot;:0,&quot;335559739&quot;:160,&quot;335559740&quot;:259}\">\u00a0<\/span>\u00bb<\/h2>\n<p style=\"text-align: justify;\"><b><span data-contrast=\"auto\">Mit der ganzen Familie im Wohnwagen unterwegs, bestes Wetter, gute Laune und allerhand Entdeckergeist <\/span><\/b><b><span data-contrast=\"auto\">\u2013<\/span><\/b><b><span data-contrast=\"auto\"> davon tr\u00e4umen viele. Tats\u00e4chlich geh\u00f6rt Camping zu den beliebtesten Urlaubsvarianten. Wovor die meisten allerdings Bedenken haben, ist die Enge in den Wohnwagen und Zelten sowie die mangelnde Privatsph\u00e4re. Vor allem, wenn mit mehreren Personen gereist wird, kann das ein Problem werden. Doch daf\u00fcr gibt es eine innovative L\u00f6sung: die <\/span><\/b><a href=\"https:\/\/www.schlanser.ch\/zelte\/vorzelte\/reisemobil-busvorzelte\/\"><b><span data-contrast=\"none\">Schlafkabine<\/span><\/b><\/a><b><span data-contrast=\"auto\">.\u00a0<\/span><\/b><span data-ccp-props=\"{&quot;201341983&quot;:0,&quot;335559739&quot;:160,&quot;335559740&quot;:259}\">\u00a0<\/span><\/p>\n<h2><span data-contrast=\"auto\">Was ist eine Schlafkabine?<\/span><span data-ccp-props=\"{&quot;201341983&quot;:0,&quot;335559739&quot;:160,&quot;335559740&quot;:259}\">\u00a0<\/span><\/h2>\n<p style=\"text-align: justify;\"><span data-contrast=\"auto\">Ein Wohnmobil l\u00e4sst sich r\u00e4umlich ganz einfach mit einem Busvorzelt erweitern. Dieses kann als Abstellfl\u00e4che, K\u00fcche oder auch als Schlafplatz genutzt werden. Vor allem, wenn sich spontan \u00dcbernachtungsg\u00e4ste ank\u00fcndigen, k\u00f6nnen diese einfach in dem zus\u00e4tzlichen Wohnraum in Form eines Zelts n\u00e4chtigen. Mitreisende Teenager haben oftmals auch keine Lust mit den Eltern und kleineren Geschwistern in einem Wohnmobil zu schlafen. Auch daf\u00fcr bietet sich diese innovative Konstruktion an. Damit schaffen Sie aus einem Schlafraum (dem Wohnmobil) immerhin zwei Schlafr\u00e4ume (Wohnmobil und Vorzelt). <\/span><\/p>\n<p style=\"text-align: justify;\"><span data-contrast=\"auto\">Allerdings gibt das immer noch sehr wenig Privatsph\u00e4re, viele m\u00f6chten gern<\/span><span data-contrast=\"auto\">e<\/span><span data-contrast=\"auto\"> in ihrem eigenen Bereich schlafen. Dieser Wunsch l\u00e4sst sich mit der Schlafkabine erf\u00fcllen. Die Kabine wird meist mit Hacken am <\/span><a href=\"https:\/\/www.schlanser.ch\/zelte\/zeltzubehoer\/zelt-gestaenge-zubehoer\/\"><span data-contrast=\"none\">Vorzeltgest\u00e4nge<\/span><\/a><span data-contrast=\"auto\"> befestigt und macht so aus einem <\/span><span data-contrast=\"auto\">grossen<\/span><span data-contrast=\"auto\"> Schlafplatz zwei oder mehr abgetrennte Nachtquartiere. Das Ganze ist dann in etwa so, als h\u00e4tte jeder sein eigenes Zelt. So eine Schlafkabine bringt nicht nur Privatsph\u00e4re, sondern schafft auch Gem\u00fctlichkeit und Sicherheit. Viele Menschen f\u00fchlen sich wohler, wenn der Schlafbereich von der Wohnpartie abgetrennt ist. <\/span><span data-contrast=\"auto\">Schliesslich<\/span><span data-contrast=\"auto\"> gibt es zu Hause auch ein separates Schlafzimmer.\u00a0<\/span><span data-ccp-props=\"{&quot;201341983&quot;:0,&quot;335559739&quot;:160,&quot;335559740&quot;:259}\">\u00a0<\/span><\/p>\n<p><span data-ccp-props=\"{&quot;201341983&quot;:0,&quot;335559739&quot;:160,&quot;335559740&quot;:259}\"><img loading=\"lazy\" decoding=\"async\" class=\"aligncenter wp-image-9269 size-large\" title=\"Berger Schlafkabine Traveller\" src=\"https:\/\/www.schlanser.ch\/magazin\/wp-content\/uploads\/2021\/04\/schlanserschalfkabine3-1024x1024.jpg\" alt=\"Berger Schlafkabine Traveller\" width=\"618\" height=\"618\" srcset=\"https:\/\/www.schlanser.ch\/magazin\/wp-content\/uploads\/2021\/04\/schlanserschalfkabine3-1024x1024.jpg 1024w, https:\/\/www.schlanser.ch\/magazin\/wp-content\/uploads\/2021\/04\/schlanserschalfkabine3-300x300.jpg 300w, https:\/\/www.schlanser.ch\/magazin\/wp-content\/uploads\/2021\/04\/schlanserschalfkabine3-150x150.jpg 150w, https:\/\/www.schlanser.ch\/magazin\/wp-content\/uploads\/2021\/04\/schlanserschalfkabine3-768x768.jpg 768w, https:\/\/www.schlanser.ch\/magazin\/wp-content\/uploads\/2021\/04\/schlanserschalfkabine3.jpg 1280w\" sizes=\"(max-width: 618px) 100vw, 618px\" \/> <\/span><\/p>\n<h2><span data-contrast=\"auto\">Die Vorteile einer Schlafkabine<\/span><span data-ccp-props=\"{&quot;201341983&quot;:0,&quot;335559739&quot;:160,&quot;335559740&quot;:259}\">\u00a0<\/span><\/h2>\n<p style=\"text-align: justify;\"><span data-contrast=\"auto\">Wenn die Schlafpl\u00e4tze im Wohnwagen und Vorraum nicht ausreichen, k\u00f6nnte man nat\u00fcrlich einfach ein normales <\/span><a href=\"https:\/\/www.schlanser.ch\/zelte\/campingzelte\/iglu-kuppelzelte\/\"><span data-contrast=\"none\">Iglu-Zelt<\/span><\/a> <span data-contrast=\"auto\">in den <\/span><span data-contrast=\"auto\">Aussenbereich<\/span><span data-contrast=\"auto\"> stellen. Allerdings verlangen daf\u00fcr viele Campingplatzbetreiber einen extra Zuschlag. Nat\u00fcrlich muss man bedenken, dass eine Schlafkabine einiges an Platz im Vorraum wegnimmt. Es sollte also schon <\/span><span data-contrast=\"auto\">gross<\/span><span data-contrast=\"auto\"> genug sein, denn <\/span><span data-contrast=\"auto\">schliesslich<\/span><span data-contrast=\"auto\"> findet hier bei schlechtem Wetter das Campingleben statt. Allerdings ist dann der Schlafplatz im Vorraum vielleicht doch die trocknere und angenehmere Alternative<\/span> <span data-contrast=\"auto\">zu<\/span> <span data-contrast=\"auto\">draussen<\/span><span data-contrast=\"auto\">,<\/span><span data-contrast=\"auto\"> in einem Iglo-Zelt zu schlafen. Hier gilt es abzuw\u00e4gen<\/span><span data-contrast=\"auto\">:<\/span><span data-contrast=\"auto\"> Fakt ist, zahlreiche Familien und Campinggruppen bereuen die Aufstellung von praktischen Schlafkabinen nicht. Zudem gibt es die Kabinen in unterschiedlichen <\/span><span data-contrast=\"auto\">Gr\u00f6ssen<\/span><span data-contrast=\"auto\">, je nachdem wie viel Platz Sie in Ihrem Busvorzelt haben, finden Sie auch das Passende. Es gibt auch die M\u00f6glichkeit, eines Vorzeltanbaus. Dieser wird an das Zelt angebaut und bietet zus\u00e4tzlichen Platz. Diesen k\u00f6nnen Sie beliebig nutzen, zum Beispiel als:<\/span><span data-ccp-props=\"{&quot;201341983&quot;:0,&quot;335559739&quot;:160,&quot;335559740&quot;:259}\">\u00a0<\/span><\/p>\n<ul>\n<li data-leveltext=\"\uf0b7\" data-font=\"Symbol\" data-listid=\"1\" aria-setsize=\"-1\" data-aria-posinset=\"1\" data-aria-level=\"1\"><span data-contrast=\"auto\">Schlafplatz<\/span><span data-ccp-props=\"{&quot;134233279&quot;:true,&quot;201341983&quot;:0,&quot;335559739&quot;:160,&quot;335559740&quot;:259}\">\u00a0<\/span><\/li>\n<li data-leveltext=\"\uf0b7\" data-font=\"Symbol\" data-listid=\"1\" aria-setsize=\"-1\" data-aria-posinset=\"2\" data-aria-level=\"1\"><span data-contrast=\"auto\">Kochstelle<\/span><span data-ccp-props=\"{&quot;134233279&quot;:true,&quot;201341983&quot;:0,&quot;335559739&quot;:160,&quot;335559740&quot;:259}\">\u00a0<\/span><\/li>\n<li data-leveltext=\"\uf0b7\" data-font=\"Symbol\" data-listid=\"1\" aria-setsize=\"-1\" data-aria-posinset=\"3\" data-aria-level=\"1\"><span data-contrast=\"auto\">Abstellraum<\/span><span data-ccp-props=\"{&quot;134233279&quot;:true,&quot;201341983&quot;:0,&quot;335559739&quot;:160,&quot;335559740&quot;:259}\">\u00a0<\/span><\/li>\n<li data-leveltext=\"\uf0b7\" data-font=\"Symbol\" data-listid=\"1\" aria-setsize=\"-1\" data-aria-posinset=\"4\" data-aria-level=\"1\"><span data-contrast=\"auto\">Vorratsraum<\/span><span data-ccp-props=\"{&quot;134233279&quot;:true,&quot;201341983&quot;:0,&quot;335559739&quot;:160,&quot;335559740&quot;:259}\">\u00a0<\/span><\/li>\n<\/ul>\n<p style=\"text-align: justify;\"><span data-contrast=\"auto\">Auch als Multifunktionsraum kann <\/span><span data-contrast=\"auto\">das Separee<\/span><span data-contrast=\"auto\"> genutzt werden. M\u00f6chten Sie gern<\/span><span data-contrast=\"auto\">e<\/span><span data-contrast=\"auto\"> G\u00e4sten einen Schlafplatz anbieten, ist er quasi das G\u00e4stezimmer. Ansonsten k\u00f6nnen Sie dort Ihre Fahrr\u00e4der oder Ihren guten Grill unterstellen. Wertvolle Dinge m\u00f6chte man sicher nicht unbedingt f\u00fcr jeden offensichtlich <\/span><span data-contrast=\"auto\">draussen<\/span><span data-contrast=\"auto\"> stehen lassen.\u00a0<\/span><span data-ccp-props=\"{&quot;201341983&quot;:0,&quot;335559739&quot;:160,&quot;335559740&quot;:259}\">\u00a0<\/span><\/p>\n<p><span data-ccp-props=\"{&quot;201341983&quot;:0,&quot;335559739&quot;:160,&quot;335559740&quot;:259}\"> <img loading=\"lazy\" decoding=\"async\" class=\"aligncenter wp-image-9272 size-full\" title=\"Berger Campingk\u00fcche XL\" src=\"https:\/\/www.schlanser.ch\/magazin\/wp-content\/uploads\/2021\/04\/schlansercampingk\u00fcche.jpg\" alt=\"Berger Campingk\u00fcche XL\" width=\"620\" height=\"388\" srcset=\"https:\/\/www.schlanser.ch\/magazin\/wp-content\/uploads\/2021\/04\/schlansercampingk\u00fcche.jpg 620w, https:\/\/www.schlanser.ch\/magazin\/wp-content\/uploads\/2021\/04\/schlansercampingk\u00fcche-300x188.jpg 300w\" sizes=\"(max-width: 620px) 100vw, 620px\" \/><\/span><\/p>\n<h2><span data-contrast=\"auto\">Die richtige Auswahl treffen<\/span><span data-ccp-props=\"{&quot;201341983&quot;:0,&quot;335559739&quot;:160,&quot;335559740&quot;:259}\">\u00a0<\/span><\/h2>\n<p style=\"text-align: justify;\"><span data-contrast=\"auto\">Wenn Sie sich abgetrennte Schlafpl\u00e4tze beim Campen w\u00fcnschen, ist die Schlafkabine die beste Option. Um das richtige Modell f\u00fcr sich zu finden, \u00fcberlegen Sie zun\u00e4chst, mit wie vielen Personen sie reisen und wer alles einen separaten Schlafplatz bekommen soll. Eltern schlafen meist gemeinsam<\/span><span data-contrast=\"auto\">.<\/span> <span data-contrast=\"auto\">R<\/span><span data-contrast=\"auto\">eisen kleine Kinder mit, n\u00e4chtigen diese in der Regel auch bei den Eltern. <\/span><span data-contrast=\"auto\">Gr\u00f6ssere<\/span><span data-contrast=\"auto\"> Kinder und Teenager sind bestimmt froh \u00fcber einen eigenen Schlafbereich. Reisen Sie mit Freunden, bieten sich Schlafkabinen ebenfalls an. Wenn Sie die Zahl der ben\u00f6tigten Schlafpl\u00e4tze ermittelt haben, h\u00e4ngt es nun von der <\/span><span data-contrast=\"auto\">Gr\u00f6sse<\/span><span data-contrast=\"auto\"> Ihres Vorzeltes ab. Ist es vertretbar, dass die Kabinen auf Kosten des Wohnraums gehen oder wird es doch zu <\/span><span data-contrast=\"auto\">eng<\/span><span data-contrast=\"auto\">? Wenn Letzteres der Fall ist, k\u00f6nnen Sie Ihr Vorzelt zus\u00e4tzlich mit einem Vorzelterker, einem Vorzeltvordach oder einer <\/span><a href=\"https:\/\/www.schlanser.ch\/zelte\/vorzelte\/markisen-sonnensegel\/\"><span data-contrast=\"none\">Vorzeltmarkise<\/span><\/a><span data-contrast=\"auto\"> erweitern. So schaffen Sie zus\u00e4tzlichen Raum, um zum Beispiel eine Schlafkabine zu platzieren, nehmen aber nichts vom Wohnraum weg.\u00a0<\/span><span data-ccp-props=\"{&quot;201341983&quot;:0,&quot;335559739&quot;:160,&quot;335559740&quot;:259}\">\u00a0<\/span><\/p>\n<p><span data-ccp-props=\"{&quot;201341983&quot;:0,&quot;335559739&quot;:160,&quot;335559740&quot;:259}\"><img loading=\"lazy\" decoding=\"async\" class=\"aligncenter wp-image-9262 size-full\" title=\"Vango Galli III Low Bus- \/ Reisemobilvorzelt RSV\" src=\"https:\/\/www.schlanser.ch\/magazin\/wp-content\/uploads\/2021\/04\/schlanserreisemobilvorzelt.jpg\" alt=\"Vango Galli III Low Bus- \/ Reisemobilvorzelt RSVango Galli III Low Bus- \/ Reisemobilvorzelt RSVV\" width=\"620\" height=\"388\" srcset=\"https:\/\/www.schlanser.ch\/magazin\/wp-content\/uploads\/2021\/04\/schlanserreisemobilvorzelt.jpg 620w, https:\/\/www.schlanser.ch\/magazin\/wp-content\/uploads\/2021\/04\/schlanserreisemobilvorzelt-300x188.jpg 300w\" sizes=\"(max-width: 620px) 100vw, 620px\" \/><\/span><\/p>\n<h2><span data-contrast=\"auto\">Ausstattung f\u00fcr das Innenzelt<\/span><span data-ccp-props=\"{&quot;201341983&quot;:0,&quot;335559739&quot;:160,&quot;335559740&quot;:259}\">\u00a0<\/span><\/h2>\n<p style=\"text-align: justify;\"><span data-contrast=\"auto\">Wenn Sie sich f\u00fcr ein Innenzelt beziehungsweise eine Schlafkabine entschieden haben, muss diese nat\u00fcrlich noch eingerichtet werden. Wichtig ist eine gute Luftmatratze, eine Schlafmatte oder ein Campingbett. Denken Sie daran, dass Sie hier nicht so bequem, wie in Ihren Wohnwagenbetten schlafen. Deshalb ist eine gute Qualit\u00e4t der Schlafunterlage wichtig. Anderenfalls drohen unangenehme R\u00fccken- oder Nackenschmerzen, die im Urlaub nat\u00fcrlich nichts verloren haben. <\/span><span data-contrast=\"auto\">Ausserdem<\/span><span data-contrast=\"auto\"> ben\u00f6tigen Sie einen <\/span><span data-contrast=\"none\">Schlafsack<\/span><span data-contrast=\"auto\"> und ein bequemes Kissen. Wer besser in normalem Bettzeug schl\u00e4ft, kann dieses selbstverst\u00e4ndlich auch nutzen. Einige Schlafkabinen verf\u00fcgen auch \u00fcber Aussparungen zur Luftzirkulation. Diese sollten aber mit einem Insektenschutz versehen sein. <\/span><\/p>\n<p style=\"text-align: justify;\"><span data-contrast=\"auto\"><img loading=\"lazy\" decoding=\"async\" class=\"aligncenter wp-image-9279 size-full\" title=\"Berger Feldbett Aluminium \" src=\"https:\/\/www.schlanser.ch\/magazin\/wp-content\/uploads\/2021\/04\/schlanserfeldbett-1.jpg\" alt=\"Berger Feldbett Aluminium \" width=\"620\" height=\"271\" srcset=\"https:\/\/www.schlanser.ch\/magazin\/wp-content\/uploads\/2021\/04\/schlanserfeldbett-1.jpg 620w, https:\/\/www.schlanser.ch\/magazin\/wp-content\/uploads\/2021\/04\/schlanserfeldbett-1-300x131.jpg 300w\" sizes=\"(max-width: 620px) 100vw, 620px\" \/>\u00a0 <\/span><\/p>\n<h3 style=\"text-align: justify;\"><span data-contrast=\"auto\">Vango<\/span><span data-contrast=\"auto\"> Schlafkabine f\u00fcr Vorzelt Jura und <\/span><span data-contrast=\"auto\">Galli<\/span><span data-ccp-props=\"{&quot;201341983&quot;:0,&quot;335559739&quot;:160,&quot;335559740&quot;:259}\">\u00a0<\/span><\/h3>\n<p style=\"text-align: justify;\"><span data-contrast=\"auto\">Die <\/span><span data-contrast=\"auto\">Vango<\/span><span data-contrast=\"auto\">-Kabine verf\u00fcgt \u00fcber mehrere Einh\u00e4nge und wird mittels Clipsystem am Zelt fixiert. In das <\/span><span data-contrast=\"auto\">Buszelt<\/span> <span data-contrast=\"auto\">Galli<\/span><span data-contrast=\"auto\"> III lassen sich zwei von diesen Kabinen einh\u00e4ngen, so k\u00f6nnen Sie das Innenzelt auch auf links drehen. Demnach l\u00e4sst es sich sowohl links als auch rechts einsetzen. Die 140 cm breite Kabine der Marke <\/span><span data-contrast=\"auto\">Vango<\/span><span data-contrast=\"auto\"> ist in der Farbe grau erh\u00e4ltlich und 140 cm breit sowie 210 cm tief. <\/span><span data-contrast=\"auto\">Das Gewicht betr\u00e4gt 1,22 kg.\u00a0<\/span><span data-ccp-props=\"{&quot;201341983&quot;:0,&quot;335559739&quot;:160,&quot;335559740&quot;:259}\">\u00a0<\/span><\/p>\n<h3><span data-ccp-props=\"{&quot;201341983&quot;:0,&quot;335559739&quot;:160,&quot;335559740&quot;:259}\">\u00a0\u00a0\u00a0\u00a0\u00a0 <img loading=\"lazy\" decoding=\"async\" class=\"aligncenter wp-image-9257\" title=\"Vango Schlafkabine f\u00fcr Vorzelt Jura und Galli \" src=\"https:\/\/www.schlanser.ch\/magazin\/wp-content\/uploads\/2020\/04\/schlanserschlafkabinejura2.jpg\" alt=\"Vango Schlafkabine f\u00fcr Vorzelt Jura und Galli \" width=\"620\" height=\"388\" srcset=\"https:\/\/www.schlanser.ch\/magazin\/wp-content\/uploads\/2020\/04\/schlanserschlafkabinejura2.jpg 620w, https:\/\/www.schlanser.ch\/magazin\/wp-content\/uploads\/2020\/04\/schlanserschlafkabinejura2-300x188.jpg 300w\" sizes=\"(max-width: 620px) 100vw, 620px\" \/><\/span><span data-contrast=\"auto\">Berger Schlafkabine <\/span><span data-contrast=\"auto\">Liberta<\/span><span data-ccp-props=\"{&quot;201341983&quot;:0,&quot;335559739&quot;:160,&quot;335559740&quot;:259}\">\u00a0<\/span><\/h3>\n<p style=\"text-align: justify;\"><span data-contrast=\"auto\">Das Berger Innenzelt passt zum Busvorzelt <\/span><span data-contrast=\"auto\">Liberta<\/span><span data-contrast=\"auto\"> II. Es besteht zu 100 Prozent aus Polyester und ist atmungsaktiv. So gibt es in der Nacht keine Probleme mit der Luft. Es wird in der Farbe <\/span><span data-contrast=\"auto\">weiss<\/span><span data-contrast=\"auto\"> geliefert und ist im ausgepackten Zustand 150 cm breit und 210 cm tief. Die Kabine von Berger wiegt 1,35 kg und l\u00e4sst sich einfach in das Vorzelt einh\u00e4ngen.<\/span><span data-ccp-props=\"{&quot;201341983&quot;:0,&quot;335559739&quot;:160,&quot;335559740&quot;:259}\">\u00a0<\/span><\/p>\n<h2><span data-ccp-props=\"{&quot;201341983&quot;:0,&quot;335559739&quot;:160,&quot;335559740&quot;:259}\"><img loading=\"lazy\" decoding=\"async\" class=\"aligncenter wp-image-9260 size-full\" title=\"Berger Schlafkabine Liberta II \" src=\"https:\/\/www.schlanser.ch\/magazin\/wp-content\/uploads\/2021\/04\/schlanserschlafkabineberger.jpg\" alt=\"Berger Schlafkabine Liberta II \" width=\"620\" height=\"620\" srcset=\"https:\/\/www.schlanser.ch\/magazin\/wp-content\/uploads\/2021\/04\/schlanserschlafkabineberger.jpg 620w, https:\/\/www.schlanser.ch\/magazin\/wp-content\/uploads\/2021\/04\/schlanserschlafkabineberger-300x300.jpg 300w, https:\/\/www.schlanser.ch\/magazin\/wp-content\/uploads\/2021\/04\/schlanserschlafkabineberger-150x150.jpg 150w\" sizes=\"(max-width: 620px) 100vw, 620px\" \/><\/span><\/h2>\n<h2><span data-contrast=\"auto\">Fazit<\/span><span data-contrast=\"auto\"> zu Schlafkabinen<\/span><span data-ccp-props=\"{&quot;201341983&quot;:0,&quot;335559739&quot;:160,&quot;335559740&quot;:259}\">\u00a0<\/span><\/h2>\n<p style=\"text-align: justify;\"><span data-contrast=\"auto\">Wer die Welt nur mit dem Partner im Wohnmobil erkundet, wird keine zus\u00e4tzlichen Schlafr\u00e4ume ben\u00f6tigen. Da reicht das Bett im fahrbaren Heim in der Regel aus. Selbst wenn ein oder zwei kleinere Kinder mit von der Partie sind, ist das noch nicht n\u00f6tig. Nat\u00fcrlich kommt das auch immer auf die <\/span><span data-contrast=\"auto\">Gr\u00f6sse<\/span><span data-contrast=\"auto\"> des Wohnmobils an. Reisen allerdings <\/span><span data-contrast=\"auto\">gr\u00f6ssere<\/span><span data-contrast=\"auto\"> Kinder, Verwandte oder Freunde mit, ist eine zus\u00e4tzliche (private) Schlaffl\u00e4che schon empfehlenswert. Kinder gehen abends eher ins Bett, w\u00e4hrend die Eltern vielleicht noch in Ruhe TV schauen wollen. Teenager liegen abends lieber allein mit dem Laptop im Bett und schauen ihre Lieblingsserie. Das wollen sie <\/span><span data-contrast=\"auto\">nat\u00fcrlich ungest\u00f6rt<\/span><span data-contrast=\"auto\"> und vor allem unbeobachtet tun. Eine Schlafkabine bringt privaten Raum und bietet die M\u00f6glichkeit, sich auch mal zur\u00fcckziehen zu k\u00f6nnen. Auch wenn der Urlaub mit der Familie in erster Linie dazu gedacht ist, m\u00f6glichst viel Zeit miteinander zu verbringen, kann etwas <\/span><span data-contrast=\"auto\">Privat<\/span><span data-contrast=\"auto\">sph\u00e4re<\/span><span data-contrast=\"auto\">, vor allem abends guttun.<\/span><span data-ccp-props=\"{&quot;201341983&quot;:0,&quot;335559739&quot;:160,&quot;335559740&quot;:259}\">\u00a0<\/span><\/p>\n","protected":false},"excerpt":{"rendered":"<p>\u00ab Schaffen Sie Gem\u00fctlichkeit\u00a0\u00bb Mit der ganzen Familie im Wohnwagen unterwegs, bestes Wetter, gute Laune und allerhand Entdeckergeist \u2013 davon tr\u00e4umen viele. Tats\u00e4chlich geh\u00f6rt Camping zu den beliebtesten Urlaubsvarianten. Wovor die meisten allerdings Bedenken haben, ist die Enge in den Wohnwagen und Zelten sowie die mangelnde Privatsph\u00e4re. Vor allem, wenn mit mehreren Personen gereist wird, &hellip;<\/p>\n","protected":false},"author":1,"featured_media":9271,"comment_status":"closed","ping_status":"open","sticky":false,"template":"","format":"standard","meta":{"footnotes":""},"categories":[3],"tags":[18,16,480,199,1217,618,377,28,323,13],"yoast_head":"<!-- This site is optimized with the Yoast SEO plugin v22.2 - https:\/\/yoast.com\/wordpress\/plugins\/seo\/ -->\n<title>Die Schlafkabine f\u00fcrs Vorzelt - Schlanser Magazin<\/title>\n<meta name=\"description\" content=\"Separees im Vorzelt bieten viele Vorteile, da die Schlafkabine f\u00fcrs Vorzelt sich nicht nur als Schlafplatz eignet \u2714 Das Schlanser Magazin berichtet!\" \/>\n<meta name=\"robots\" content=\"index, follow, max-snippet:-1, max-image-preview:large, max-video-preview:-1\" \/>\n<link rel=\"canonical\" href=\"https:\/\/www.schlanser.ch\/magazin\/die-schlafkabine-fuers-vorzelt\/\" \/>\n<meta property=\"og:locale\" content=\"de_DE\" \/>\n<meta property=\"og:type\" content=\"article\" \/>\n<meta property=\"og:title\" content=\"Die Schlafkabine f\u00fcrs Vorzelt - Schlanser Magazin\" \/>\n<meta property=\"og:description\" content=\"Separees im Vorzelt bieten viele Vorteile, da die Schlafkabine f\u00fcrs Vorzelt sich nicht nur als Schlafplatz eignet \u2714 Das Schlanser Magazin berichtet!\" \/>\n<meta property=\"og:url\" content=\"https:\/\/www.schlanser.ch\/magazin\/die-schlafkabine-fuers-vorzelt\/\" \/>\n<meta property=\"og:site_name\" content=\"Schlanser Magazin\" \/>\n<meta property=\"article:published_time\" content=\"2020-04-07T16:14:54+00:00\" \/>\n<meta property=\"article:modified_time\" content=\"2024-01-10T14:43:52+00:00\" \/>\n<meta property=\"og:image\" content=\"https:\/\/www.schlanser.ch\/magazin\/wp-content\/uploads\/2021\/04\/schlafkabinebeitragsbild.jpg\" \/>\n\t<meta property=\"og:image:width\" content=\"660\" \/>\n\t<meta property=\"og:image:height\" content=\"413\" \/>\n\t<meta property=\"og:image:type\" content=\"image\/jpeg\" \/>\n<meta name=\"author\" content=\"admin\" \/>\n<meta name=\"twitter:card\" content=\"summary_large_image\" \/>\n<meta name=\"twitter:label1\" content=\"Verfasst von\" \/>\n\t<meta name=\"twitter:data1\" content=\"admin\" \/>\n\t<meta name=\"twitter:label2\" content=\"Gesch\u00e4tzte Lesezeit\" \/>\n\t<meta name=\"twitter:data2\" content=\"5 Minuten\" \/>\n<script type=\"application\/ld+json\" class=\"yoast-schema-graph\">{\"@context\":\"https:\/\/schema.org\",\"@graph\":[{\"@type\":\"WebPage\",\"@id\":\"https:\/\/www.schlanser.ch\/magazin\/die-schlafkabine-fuers-vorzelt\/\",\"url\":\"https:\/\/www.schlanser.ch\/magazin\/die-schlafkabine-fuers-vorzelt\/\",\"name\":\"Die Schlafkabine f\u00fcrs Vorzelt - Schlanser Magazin\",\"isPartOf\":{\"@id\":\"https:\/\/www.schlanser.ch\/magazin\/#website\"},\"primaryImageOfPage\":{\"@id\":\"https:\/\/www.schlanser.ch\/magazin\/die-schlafkabine-fuers-vorzelt\/#primaryimage\"},\"image\":{\"@id\":\"https:\/\/www.schlanser.ch\/magazin\/die-schlafkabine-fuers-vorzelt\/#primaryimage\"},\"thumbnailUrl\":\"https:\/\/www.schlanser.ch\/magazin\/wp-content\/uploads\/2021\/04\/schlafkabinebeitragsbild.jpg\",\"datePublished\":\"2020-04-07T16:14:54+00:00\",\"dateModified\":\"2024-01-10T14:43:52+00:00\",\"author\":{\"@id\":\"https:\/\/www.schlanser.ch\/magazin\/#\/schema\/person\/000db0a103eb2594ba3daf394b1dfea2\"},\"description\":\"Separees im Vorzelt bieten viele Vorteile, da die Schlafkabine f\u00fcrs Vorzelt sich nicht nur als Schlafplatz eignet \u2714 Das Schlanser Magazin berichtet!\",\"breadcrumb\":{\"@id\":\"https:\/\/www.schlanser.ch\/magazin\/die-schlafkabine-fuers-vorzelt\/#breadcrumb\"},\"inLanguage\":\"de-DE\",\"potentialAction\":[{\"@type\":\"ReadAction\",\"target\":[\"https:\/\/www.schlanser.ch\/magazin\/die-schlafkabine-fuers-vorzelt\/\"]}]},{\"@type\":\"ImageObject\",\"inLanguage\":\"de-DE\",\"@id\":\"https:\/\/www.schlanser.ch\/magazin\/die-schlafkabine-fuers-vorzelt\/#primaryimage\",\"url\":\"https:\/\/www.schlanser.ch\/magazin\/wp-content\/uploads\/2021\/04\/schlafkabinebeitragsbild.jpg\",\"contentUrl\":\"https:\/\/www.schlanser.ch\/magazin\/wp-content\/uploads\/2021\/04\/schlafkabinebeitragsbild.jpg\",\"width\":660,\"height\":413},{\"@type\":\"BreadcrumbList\",\"@id\":\"https:\/\/www.schlanser.ch\/magazin\/die-schlafkabine-fuers-vorzelt\/#breadcrumb\",\"itemListElement\":[{\"@type\":\"ListItem\",\"position\":1,\"name\":\"Startseite\",\"item\":\"https:\/\/www.schlanser.ch\/magazin\/\"},{\"@type\":\"ListItem\",\"position\":2,\"name\":\"Die Schlafkabine f\u00fcrs Vorzelt\"}]},{\"@type\":\"WebSite\",\"@id\":\"https:\/\/www.schlanser.ch\/magazin\/#website\",\"url\":\"https:\/\/www.schlanser.ch\/magazin\/\",\"name\":\"Schlanser Magazin\",\"description\":\"\",\"potentialAction\":[{\"@type\":\"SearchAction\",\"target\":{\"@type\":\"EntryPoint\",\"urlTemplate\":\"https:\/\/www.schlanser.ch\/magazin\/?s={search_term_string}\"},\"query-input\":\"required name=search_term_string\"}],\"inLanguage\":\"de-DE\"},{\"@type\":\"Person\",\"@id\":\"https:\/\/www.schlanser.ch\/magazin\/#\/schema\/person\/000db0a103eb2594ba3daf394b1dfea2\",\"name\":\"admin\",\"image\":{\"@type\":\"ImageObject\",\"inLanguage\":\"de-DE\",\"@id\":\"https:\/\/www.schlanser.ch\/magazin\/#\/schema\/person\/image\/\",\"url\":\"https:\/\/secure.gravatar.com\/avatar\/a794a4fe8a9b9c52241597eb381dfa2e?s=96&d=mm&r=g\",\"contentUrl\":\"https:\/\/secure.gravatar.com\/avatar\/a794a4fe8a9b9c52241597eb381dfa2e?s=96&d=mm&r=g\",\"caption\":\"admin\"}}]}<\/script>\n<!-- \/ Yoast SEO plugin. -->","yoast_head_json":{"title":"Die Schlafkabine f\u00fcrs Vorzelt - Schlanser Magazin","description":"Separees im Vorzelt bieten viele Vorteile, da die Schlafkabine f\u00fcrs Vorzelt sich nicht nur als Schlafplatz eignet \u2714 Das Schlanser Magazin berichtet!","robots":{"index":"index","follow":"follow","max-snippet":"max-snippet:-1","max-image-preview":"max-image-preview:large","max-video-preview":"max-video-preview:-1"},"canonical":"https:\/\/www.schlanser.ch\/magazin\/die-schlafkabine-fuers-vorzelt\/","og_locale":"de_DE","og_type":"article","og_title":"Die Schlafkabine f\u00fcrs Vorzelt - Schlanser Magazin","og_description":"Separees im Vorzelt bieten viele Vorteile, da die Schlafkabine f\u00fcrs Vorzelt sich nicht nur als Schlafplatz eignet \u2714 Das Schlanser Magazin berichtet!","og_url":"https:\/\/www.schlanser.ch\/magazin\/die-schlafkabine-fuers-vorzelt\/","og_site_name":"Schlanser Magazin","article_published_time":"2020-04-07T16:14:54+00:00","article_modified_time":"2024-01-10T14:43:52+00:00","og_image":[{"width":660,"height":413,"url":"https:\/\/www.schlanser.ch\/magazin\/wp-content\/uploads\/2021\/04\/schlafkabinebeitragsbild.jpg","type":"image\/jpeg"}],"author":"admin","twitter_card":"summary_large_image","twitter_misc":{"Verfasst von":"admin","Gesch\u00e4tzte Lesezeit":"5 Minuten"},"schema":{"@context":"https:\/\/schema.org","@graph":[{"@type":"WebPage","@id":"https:\/\/www.schlanser.ch\/magazin\/die-schlafkabine-fuers-vorzelt\/","url":"https:\/\/www.schlanser.ch\/magazin\/die-schlafkabine-fuers-vorzelt\/","name":"Die Schlafkabine f\u00fcrs Vorzelt - Schlanser Magazin","isPartOf":{"@id":"https:\/\/www.schlanser.ch\/magazin\/#website"},"primaryImageOfPage":{"@id":"https:\/\/www.schlanser.ch\/magazin\/die-schlafkabine-fuers-vorzelt\/#primaryimage"},"image":{"@id":"https:\/\/www.schlanser.ch\/magazin\/die-schlafkabine-fuers-vorzelt\/#primaryimage"},"thumbnailUrl":"https:\/\/www.schlanser.ch\/magazin\/wp-content\/uploads\/2021\/04\/schlafkabinebeitragsbild.jpg","datePublished":"2020-04-07T16:14:54+00:00","dateModified":"2024-01-10T14:43:52+00:00","author":{"@id":"https:\/\/www.schlanser.ch\/magazin\/#\/schema\/person\/000db0a103eb2594ba3daf394b1dfea2"},"description":"Separees im Vorzelt bieten viele Vorteile, da die Schlafkabine f\u00fcrs Vorzelt sich nicht nur als Schlafplatz eignet \u2714 Das Schlanser Magazin berichtet!","breadcrumb":{"@id":"https:\/\/www.schlanser.ch\/magazin\/die-schlafkabine-fuers-vorzelt\/#breadcrumb"},"inLanguage":"de-DE","potentialAction":[{"@type":"ReadAction","target":["https:\/\/www.schlanser.ch\/magazin\/die-schlafkabine-fuers-vorzelt\/"]}]},{"@type":"ImageObject","inLanguage":"de-DE","@id":"https:\/\/www.schlanser.ch\/magazin\/die-schlafkabine-fuers-vorzelt\/#primaryimage","url":"https:\/\/www.schlanser.ch\/magazin\/wp-content\/uploads\/2021\/04\/schlafkabinebeitragsbild.jpg","contentUrl":"https:\/\/www.schlanser.ch\/magazin\/wp-content\/uploads\/2021\/04\/schlafkabinebeitragsbild.jpg","width":660,"height":413},{"@type":"BreadcrumbList","@id":"https:\/\/www.schlanser.ch\/magazin\/die-schlafkabine-fuers-vorzelt\/#breadcrumb","itemListElement":[{"@type":"ListItem","position":1,"name":"Startseite","item":"https:\/\/www.schlanser.ch\/magazin\/"},{"@type":"ListItem","position":2,"name":"Die Schlafkabine f\u00fcrs Vorzelt"}]},{"@type":"WebSite","@id":"https:\/\/www.schlanser.ch\/magazin\/#website","url":"https:\/\/www.schlanser.ch\/magazin\/","name":"Schlanser Magazin","description":"","potentialAction":[{"@type":"SearchAction","target":{"@type":"EntryPoint","urlTemplate":"https:\/\/www.schlanser.ch\/magazin\/?s={search_term_string}"},"query-input":"required name=search_term_string"}],"inLanguage":"de-DE"},{"@type":"Person","@id":"https:\/\/www.schlanser.ch\/magazin\/#\/schema\/person\/000db0a103eb2594ba3daf394b1dfea2","name":"admin","image":{"@type":"ImageObject","inLanguage":"de-DE","@id":"https:\/\/www.schlanser.ch\/magazin\/#\/schema\/person\/image\/","url":"https:\/\/secure.gravatar.com\/avatar\/a794a4fe8a9b9c52241597eb381dfa2e?s=96&d=mm&r=g","contentUrl":"https:\/\/secure.gravatar.com\/avatar\/a794a4fe8a9b9c52241597eb381dfa2e?s=96&d=mm&r=g","caption":"admin"}}]}},"_links":{"self":[{"href":"https:\/\/www.schlanser.ch\/magazin\/wp-json\/wp\/v2\/posts\/9255"}],"collection":[{"href":"https:\/\/www.schlanser.ch\/magazin\/wp-json\/wp\/v2\/posts"}],"about":[{"href":"https:\/\/www.schlanser.ch\/magazin\/wp-json\/wp\/v2\/types\/post"}],"author":[{"embeddable":true,"href":"https:\/\/www.schlanser.ch\/magazin\/wp-json\/wp\/v2\/users\/1"}],"replies":[{"embeddable":true,"href":"https:\/\/www.schlanser.ch\/magazin\/wp-json\/wp\/v2\/comments?post=9255"}],"version-history":[{"count":26,"href":"https:\/\/www.schlanser.ch\/magazin\/wp-json\/wp\/v2\/posts\/9255\/revisions"}],"predecessor-version":[{"id":17225,"href":"https:\/\/www.schlanser.ch\/magazin\/wp-json\/wp\/v2\/posts\/9255\/revisions\/17225"}],"wp:featuredmedia":[{"embeddable":true,"href":"https:\/\/www.schlanser.ch\/magazin\/wp-json\/wp\/v2\/media\/9271"}],"wp:attachment":[{"href":"https:\/\/www.schlanser.ch\/magazin\/wp-json\/wp\/v2\/media?parent=9255"}],"wp:term":[{"taxonomy":"category","embeddable":true,"href":"https:\/\/www.schlanser.ch\/magazin\/wp-json\/wp\/v2\/categories?post=9255"},{"taxonomy":"post_tag","embeddable":true,"href":"https:\/\/www.schlanser.ch\/magazin\/wp-json\/wp\/v2\/tags?post=9255"}],"curies":[{"name":"wp","href":"https:\/\/api.w.org\/{rel}","templated":true}]}}