{"id":9360,"date":"2020-04-21T15:34:43","date_gmt":"2020-04-21T13:34:43","guid":{"rendered":"https:\/\/www.schlanser.ch\/magazin\/?p=9360"},"modified":"2024-01-10T15:43:59","modified_gmt":"2024-01-10T14:43:59","slug":"zusatzgestaenge-fuer-vorzelte","status":"publish","type":"post","link":"https:\/\/www.schlanser.ch\/magazin\/zusatzgestaenge-fuer-vorzelte\/","title":{"rendered":"Zusatzgest\u00e4nge f\u00fcr Vorzelte"},"content":{"rendered":"<hr \/>\n<h2>\u00ab Mehr Stabilit\u00e4t f\u00fcr Reisevorzelte \u00bb<\/h2>\n<p style=\"text-align: justify;\"><b><span data-contrast=\"auto\">Campingliebhaber freuen sich das ganze Jahr auf ihren wohlverdienten Urlaub\u00a0<\/span><\/b><b><span data-contrast=\"auto\">\u2013<\/span><\/b><b><span data-contrast=\"auto\">\u00a0endlich das Wohnmobil starten und alles einfach mal hinter sich lassen. Das gilt auch f\u00fcr die Sorgen und den ganzen Stress. Voraussetzung ist nat\u00fcrlich, dass Wohnmobil<\/span><\/b><b><span data-contrast=\"auto\">\u00a0<\/span><\/b><b><span data-contrast=\"auto\">und\u00a0<\/span><\/b><a href=\"https:\/\/www.schlanser.ch\/\"><b><span data-contrast=\"none\">Campingausr\u00fcstung<\/span><\/b><\/a><b><span data-contrast=\"auto\">\u00a0in Schuss sind. Vor allem das\u00a0<\/span><\/b><a href=\"https:\/\/www.schlanser.ch\/zelte\/vorzelte\/\"><b><span data-contrast=\"none\">Vorzelt<\/span><\/b><\/a><b><span data-contrast=\"auto\">\u00a0sollte ausreichend stabil sein. So dient dies doch als erweiterter Wohnraum. Mehr Stabilit\u00e4t f\u00fcr Reisevorzelte erlangt man ziemlich einfach mit einem\u00a0<\/span><\/b><a href=\"https:\/\/www.schlanser.ch\/zelte\/zeltzubehoer\/zelt-gestaenge-zubehoer\/\"><b><span data-contrast=\"none\">Zusatzgest\u00e4nge oder Zusatzluftgest\u00e4nge<\/span><\/b><\/a><b><span data-contrast=\"auto\">.\u00a0<\/span><\/b><span data-ccp-props=\"{&quot;201341983&quot;:0,&quot;335559739&quot;:160,&quot;335559740&quot;:259}\">\u00a0<\/span><\/p>\n<h2><span data-contrast=\"auto\">Was ist der Unterschied zwischen Vorzelt und Luftvorzelt?<\/span><span data-ccp-props=\"{&quot;201341983&quot;:0,&quot;335559739&quot;:160,&quot;335559740&quot;:259}\">\u00a0<\/span><\/h2>\n<p style=\"text-align: justify;\"><span data-contrast=\"auto\">Wenn Sie sich ein Vorzelt f\u00fcr Ihr Wohnmobil oder Ihren Wohnwagen anschaffen m\u00f6chten, m\u00fcssen Sie nat\u00fcrlich das passende Modell w\u00e4hlen. Prinzipiell wird zwischen einem normalen Vorzelt mit Gest\u00e4nge und einem <\/span><a href=\"https:\/\/www.schlanser.ch\/zelte\/vorzelte\/aufblasbare-vorzelte\/\"><span data-contrast=\"none\">Luftvorzelt<\/span><\/a><span data-contrast=\"auto\"> unterschieden. <\/span><span data-contrast=\"auto\">Bei der\u00a0<\/span><span data-contrast=\"auto\">herk\u00f6mmliche<\/span><span data-contrast=\"auto\">n<\/span><span data-contrast=\"auto\">\u00a0Variante<\/span><span data-contrast=\"auto\">\u00a0ohne Luft<\/span><span data-contrast=\"auto\">\u00a0m\u00fcssen Sie das richtige\u00a0Umlaufmass\u00a0ermitteln, damit das Ganze auch an Ihr Fahrzeug passt. Wenn Sie sich f\u00fcr ein Luftvorzelt interessieren, ben\u00f6tigen Sie nicht das\u00a0Umlaufmass, sondern die Aufbauh\u00f6he. Es lohnt sich in jedem Fall, selbst am Wohnmobil\u00a0Mass\u00a0zu nehmen, da die Herstellerangaben nicht immer zu 100 Prozent genau sind. Das liegt unter anderem daran, dass auch die Reifenh\u00f6he eine Rolle spielt. F\u00fcr was Sie sich am Ende entscheiden, obliegt Ihren Vorlieben. Wichtig ist nur, dass Sie die richtigen Masse ermitteln.\u00a0<\/span><span data-contrast=\"auto\">Stabiler wird jedes Vorzelt mit dem passenden\u00a0<\/span><span data-contrast=\"auto\">Zusatzgest\u00e4nge<\/span><span data-contrast=\"auto\">.<\/span><span data-ccp-props=\"{&quot;201341983&quot;:0,&quot;335559739&quot;:160,&quot;335559740&quot;:259}\">\u00a0<\/span><\/p>\n<p><img loading=\"lazy\" decoding=\"async\" class=\"aligncenter wp-image-9366 size-full\" title=\"Vango Airbeam Bus- und Reisemobilvorzelt Kela V Low | Gest\u00e4ngeschl\u00e4uche zum Aufpumpen\" src=\"https:\/\/www.schlanser.ch\/magazin\/wp-content\/uploads\/2021\/04\/Vango-Airbeam-Bus-und-Reisemobilvorzelt-Kela-V-Low-1.jpg\" alt=\"Vango Airbeam Bus- und Reisemobilvorzelt Kela V Low\" width=\"620\" height=\"388\" srcset=\"https:\/\/www.schlanser.ch\/magazin\/wp-content\/uploads\/2021\/04\/Vango-Airbeam-Bus-und-Reisemobilvorzelt-Kela-V-Low-1.jpg 620w, https:\/\/www.schlanser.ch\/magazin\/wp-content\/uploads\/2021\/04\/Vango-Airbeam-Bus-und-Reisemobilvorzelt-Kela-V-Low-1-300x188.jpg 300w\" sizes=\"(max-width: 620px) 100vw, 620px\" \/><\/p>\n<h2><span data-contrast=\"auto\">Warum braucht es Zusatzgest\u00e4nge f\u00fcr Vorzelte?<\/span><span data-ccp-props=\"{&quot;201341983&quot;:0,&quot;335559739&quot;:160,&quot;335559740&quot;:259}\">\u00a0<\/span><\/h2>\n<p style=\"text-align: justify;\"><span data-contrast=\"auto\">Die meisten Zelte werden mit einem Gest\u00e4nge geliefert, was ausreichend Halt geben sollte. Trotzdem kann es passieren, dass Wind und Wetter daf\u00fcr sorgen, dass dieses besch\u00e4digt wird. Einem Sturm im\u00a0gr\u00f6sseren\u00a0Ausmass\u00a0zum Beispiel kann ein herk\u00f6mmliches Gest\u00e4nge kaum standhalten. Ein Zusatzluftgest\u00e4nge hat demnach die Aufgabe<\/span><span data-contrast=\"auto\">,<\/span><span data-contrast=\"auto\">\u00a0mehr Stabilit\u00e4t f\u00fcr Reisevorzelte zu bringen. So f\u00fchlen sich Camper sicherer und sind auch f\u00fcr einen Urlaub an der Atlantikk\u00fcste, wo es gern<\/span><span data-contrast=\"auto\">e<\/span><span data-contrast=\"auto\">\u00a0mal etwas windiger wird, gut ausgestattet. Nicht vergessen werden darf auch, dass Vorzelte als zus\u00e4tzlicher Schlafraum genutzt werden und da sollte schon alles an Ort und Stelle bleiben. Zudem sorgt das Zusatzgest\u00e4nge daf\u00fcr, dass die Plane richtig gespannt wird und so k\u00f6nnen zum Beispiel Wasserpf\u00fctzen auf dem Zelt verhindert werden. Auch vor zu hoher Sonneneinstrahlung kann ein Vorzelt zuverl\u00e4ssig sch\u00fctzen. F\u00fcr Dauercamping ist es allemal empfehlenswert, das Vorzelt stabiler zu machen.<\/span><span data-ccp-props=\"{&quot;201341983&quot;:0,&quot;335559739&quot;:160,&quot;335559740&quot;:259}\">\u00a0<\/span><\/p>\n<p><a href=\"https:\/\/www.schlanser.ch\/zelte\/zeltzubehoer\/zelt-gestaenge-zubehoer\/49801\/berger-stabilitaetsset-fuer-reisevorzelt-sirmione-l-deluxe\"><img loading=\"lazy\" decoding=\"async\" class=\"aligncenter wp-image-9371 size-full\" title=\"Berger Stabilit\u00e4tsset f\u00fcr Reisevorzelt Sirmione-L Deluxe\" src=\"https:\/\/www.schlanser.ch\/magazin\/wp-content\/uploads\/2021\/04\/IMG_271290_1_1910200203265daba44edfaa9-1.jpg\" alt=\"Berger Stabilit\u00e4tsset f\u00fcr Reisevorzelt Sirmione-L Deluxe - Zusatzgest\u00e4nge f\u00fcr Vorzelte\" width=\"620\" height=\"387\" srcset=\"https:\/\/www.schlanser.ch\/magazin\/wp-content\/uploads\/2021\/04\/IMG_271290_1_1910200203265daba44edfaa9-1.jpg 620w, https:\/\/www.schlanser.ch\/magazin\/wp-content\/uploads\/2021\/04\/IMG_271290_1_1910200203265daba44edfaa9-1-300x187.jpg 300w\" sizes=\"(max-width: 620px) 100vw, 620px\" \/><\/a><\/p>\n<h2><span data-contrast=\"auto\">Welche Vorzeltstangen gibt es?<\/span><span data-ccp-props=\"{&quot;201341983&quot;:0,&quot;335559739&quot;:160,&quot;335559740&quot;:259}\">\u00a0<\/span><\/h2>\n<p style=\"text-align: justify;\"><span data-contrast=\"auto\">Um das Vorzelt zus\u00e4tzlich zu verst\u00e4rken und es vor Wind und Wetter zu sch\u00fctzen, stehen Ihnen verschiedene Arten von Stangen zu Verf\u00fcgung. Es gibt Vorzeltstangen f\u00fcr das Dach, aufrechte Stangen oder Querstangen. Zusatzgest\u00e4nge f\u00fcr Vorzelte haben die Aufgabe, die gesamte\u00a0<\/span><span data-contrast=\"auto\">Rahmenkonstruktion des Vorzeltes stabiler zu machen. So kann auch mal eine Windb\u00f6e oder Starkregen auftreten und das Zelt bleibt trotzdem stehen. Mit einem Zusatzgest\u00e4nge beziehungsweise Zusatzluftgest\u00e4nge verl\u00e4ngern Sie die Lebensdauer Ihres Vorzeltes erheblich.\u00a0<\/span><span data-ccp-props=\"{&quot;201341983&quot;:0,&quot;335559739&quot;:160,&quot;335559740&quot;:259}\">\u00a0<\/span><\/p>\n<h3><span data-contrast=\"auto\">Die Verandastange<\/span><span data-ccp-props=\"{&quot;201341983&quot;:0,&quot;335559739&quot;:160,&quot;335559740&quot;:259}\">\u00a0<\/span><\/h3>\n<p style=\"text-align: justify;\"><span data-contrast=\"auto\">Hierbei handelt es sich um\u00a0<\/span><span data-contrast=\"auto\">Zusatzgest\u00e4nge<\/span><span data-contrast=\"auto\">, welche zwischen zwei anderen Stangen eingespannt wird, um das Gest\u00e4nge zus\u00e4tzlich zu verst\u00e4rken und das Vorzelt stabiler zu machen. Sie wird etwa in H\u00fcfth\u00f6he zwischen zwei aufrechte<\/span><span data-contrast=\"auto\">n<\/span><span data-contrast=\"auto\">\u00a0Stangen platziert. \u00d6ffnen Sie dann eine Seiten- oder Frontwand k\u00f6nnen Sie diese an der Verandastange befestigen. So entsteht eine Aussicht, wie auf einer Veranda. Daher r\u00fchrt auch der Name Verandastange. Ideal f\u00fcr laue Sommerabende und um die sch\u00f6ne Aussicht zu\u00a0geniessen. Das funktioniert auch<\/span><span data-contrast=\"auto\">\u00a0dann<\/span><span data-contrast=\"auto\">, wenn es regnen sollte, da die Zeltw\u00e4nde meist \u00fcber Sichtfenster verf\u00fcgen.\u00a0<\/span><span data-ccp-props=\"{&quot;201341983&quot;:0,&quot;335559739&quot;:160,&quot;335559740&quot;:259}\">\u00a0<\/span><\/p>\n<p><img loading=\"lazy\" decoding=\"async\" class=\"aligncenter wp-image-9374 size-full\" title=\"Westfield Veranda Stange f\u00fcr Reisevorzelt Pluto\" src=\"https:\/\/www.schlanser.ch\/magazin\/wp-content\/uploads\/2021\/04\/Westfield-Veranda-Stange-f\u00fcr-Reisevorzelt-Pluto-1.jpg\" alt=\"Westfield Veranda Stange f\u00fcr Reisevorzelt Pluto - Zusatzgest\u00e4nge f\u00fcr Vorzelte\" width=\"620\" height=\"88\" srcset=\"https:\/\/www.schlanser.ch\/magazin\/wp-content\/uploads\/2021\/04\/Westfield-Veranda-Stange-f\u00fcr-Reisevorzelt-Pluto-1.jpg 620w, https:\/\/www.schlanser.ch\/magazin\/wp-content\/uploads\/2021\/04\/Westfield-Veranda-Stange-f\u00fcr-Reisevorzelt-Pluto-1-300x43.jpg 300w\" sizes=\"(max-width: 620px) 100vw, 620px\" \/><\/p>\n<h3><span data-contrast=\"auto\">Die Sturmstange<\/span><span data-ccp-props=\"{&quot;201341983&quot;:0,&quot;335559739&quot;:160,&quot;335559740&quot;:259}\">\u00a0<\/span><\/h3>\n<p style=\"text-align: justify;\"><span data-contrast=\"auto\">Mit dieser Bezeichnung ist eine stehende Stange f\u00fcr das Vorzelt gemeint. Diese wird unter dem Rahmen platziert und ist in der H\u00f6he verstellbar. Bei einer\u00a0gr\u00f6sseren\u00a0Spannweite ist es sinnvoll, eine oder mehrere zus\u00e4tzliche Stangen zu platzieren, damit das Vorzelt nicht durchh\u00e4ngt. Sie k\u00f6nnen Ihre Sturmstange auch neben der T\u00fcr des Vorzeltes installieren, so erhalten Sie die optimale Spannung an der Vorderwand. Zudem k\u00f6nnen Sie die T\u00fcr, wenn sie mal offenstehen bleiben soll, einfach um die Stange wickeln. Das Zusatzgest\u00e4nge f\u00fcr Vorzelte sch\u00fctzt gut vor Sturm, daher r\u00fchrt auch der Name Sturmstange.\u00a0<\/span><span data-ccp-props=\"{&quot;201341983&quot;:0,&quot;335559739&quot;:160,&quot;335559740&quot;:259}\">\u00a0<\/span><\/p>\n<p><a href=\"https:\/\/www.schlanser.ch\/zelte\/zeltzubehoer\/zelt-gestaenge-zubehoer\/22895\/berger-senkrechtstuetze\/orkanstuetze-stahl-mit-buegelfuss\"><img loading=\"lazy\" decoding=\"async\" class=\"aligncenter wp-image-9385 size-full\" title=\"Berger Senkrechtst\u00fctze \/ Orkanst\u00fctze Stahl mit B\u00fcgelfu\u00df\" src=\"https:\/\/www.schlanser.ch\/magazin\/wp-content\/uploads\/2021\/04\/IMG_250170_2_1712042204245a25b8599e8a6-1.jpg\" alt=\"Berger Senkrechtst\u00fctze \/ Orkanst\u00fctze Stahl mit B\u00fcgelfu\u00df\" width=\"620\" height=\"264\" srcset=\"https:\/\/www.schlanser.ch\/magazin\/wp-content\/uploads\/2021\/04\/IMG_250170_2_1712042204245a25b8599e8a6-1.jpg 620w, https:\/\/www.schlanser.ch\/magazin\/wp-content\/uploads\/2021\/04\/IMG_250170_2_1712042204245a25b8599e8a6-1-300x128.jpg 300w\" sizes=\"(max-width: 620px) 100vw, 620px\" \/><\/a><\/p>\n<h3><span data-contrast=\"auto\">Die Dachstange<\/span><span data-ccp-props=\"{&quot;201341983&quot;:0,&quot;335559739&quot;:160,&quot;335559740&quot;:259}\">\u00a0<\/span><\/h3>\n<p style=\"text-align: justify;\"><span data-contrast=\"auto\">Diese Stange wird, wie es der Name bereits verr\u00e4t, im Dach des Vorzeltes angebracht. Diese sorgt f\u00fcr mehr Stabilit\u00e4t f\u00fcr Reisevorzelte und Spannung des Vorzeltdaches. Das ist besonders g\u00fcnstig, wenn es regnet. Durch die straffe Spannung sammeln sich kein Wasser beziehungsweise keine Pf\u00fctzen auf dem Dach. Dank der Befestigung mit Haken, Vorzelt\u00f6se und SHS-Clip k\u00f6nnen Sie<\/span><span data-contrast=\"auto\">\u00a0frei<\/span><span data-contrast=\"auto\">\u00a0w\u00e4hlen, wo d<\/span><span data-contrast=\"auto\">as<\/span><span data-contrast=\"auto\">\u00a0<\/span><span data-contrast=\"auto\">Zusatzgest\u00e4nge<\/span><span data-contrast=\"auto\">\u00a0Platz finden soll.\u00a0<\/span><span data-ccp-props=\"{&quot;201341983&quot;:0,&quot;335559739&quot;:160,&quot;335559740&quot;:259}\">\u00a0<\/span><\/p>\n<p><a href=\"https:\/\/www.schlanser.ch\/zelte\/zeltzubehoer\/zelt-gestaenge-zubehoer\/22839\/berger-dachhakenstange\"><img loading=\"lazy\" decoding=\"async\" class=\"aligncenter wp-image-9382 \" title=\"Berger Dachhakenstange\" src=\"https:\/\/www.schlanser.ch\/magazin\/wp-content\/uploads\/2021\/04\/Berger-Dachhakenstange-1.jpg\" alt=\"Berger Dachhakenstange\" width=\"404\" height=\"248\" srcset=\"https:\/\/www.schlanser.ch\/magazin\/wp-content\/uploads\/2021\/04\/Berger-Dachhakenstange-1.jpg 620w, https:\/\/www.schlanser.ch\/magazin\/wp-content\/uploads\/2021\/04\/Berger-Dachhakenstange-1-300x184.jpg 300w\" sizes=\"(max-width: 404px) 100vw, 404px\" \/><\/a><\/p>\n<h2><span data-contrast=\"auto\">Die verschiedenen Materialien<\/span><span data-ccp-props=\"{&quot;201341983&quot;:0,&quot;335559739&quot;:160,&quot;335559740&quot;:259}\">\u00a0<\/span><\/h2>\n<p style=\"text-align: justify;\"><span data-contrast=\"auto\">Gest\u00e4nge f\u00fcr Zelte beziehungsweise Zusatzluftgest\u00e4nge gibt es in den unterschiedlichsten Materialien. Die zus\u00e4tzliche Tragestruktur besteht in der Regel aus verzinkten Metallrohren, Aluminium und vereinzelt aus Carbon. Bei Personenzelten gibt es noch die Variante aus Fiberglas, dieses wird aber bei Vorzelten kaum verwendet. Alternativ kann komplett auf Gest\u00e4nge verzichtet werden und das Zelt wird durch aufblasbare Hochdruck-Luftschl\u00e4uche getragen. Die einzelnen Materialien unterscheiden sich im Preis.<\/span><\/p>\n<p><img loading=\"lazy\" decoding=\"async\" class=\"aligncenter wp-image-9388 size-full\" title=\"Berger Reisevorzelt Garda-L | Gest\u00e4ngeschl\u00e4uche zum Aufpumpen\" src=\"https:\/\/www.schlanser.ch\/magazin\/wp-content\/uploads\/2021\/04\/Berger-Reisevorzelt-Garda-L-2-1.jpg\" alt=\"Berger Reisevorzelt Garda-L | Gest\u00e4ngeschl\u00e4uche zum Aufpumpen\" width=\"620\" height=\"387\" srcset=\"https:\/\/www.schlanser.ch\/magazin\/wp-content\/uploads\/2021\/04\/Berger-Reisevorzelt-Garda-L-2-1.jpg 620w, https:\/\/www.schlanser.ch\/magazin\/wp-content\/uploads\/2021\/04\/Berger-Reisevorzelt-Garda-L-2-1-300x187.jpg 300w\" sizes=\"(max-width: 620px) 100vw, 620px\" \/><\/p>\n<p style=\"text-align: justify;\"><span data-contrast=\"auto\">Stangen aus Carbon sind zum Beispiel sehr stabil und lassen sich gut transportieren. Auch der Auf- und Abbau geht damit recht einfach, zudem punkten sie mit einer guten K\u00e4lte- und Hitzebest\u00e4ndigkeit. Diese Vorteile schlagen sich allerdings auch im Preis nieder,\u00a0ausserdem\u00a0ist die Verf\u00fcgbarkeit von\u00a0Carbonstangen\u00a0eingeschr\u00e4nkt. Der Klassiker sind verzinkte Stahlrohr-Gest\u00e4nge\/ Zusatzgest\u00e4nge. Diese sind besonders f\u00fcr Camper geeignet, die viel campen oder auf Dauerstandorten stehen. Sie sind sehr lange haltbar, robust und liegen zudem in einer g\u00fcnstigen Preisklasse. Nachteil ist, dass sie \u00fcber ein hohes Gewicht verf\u00fcgen. <\/span><\/p>\n<p style=\"text-align: justify;\"><span data-contrast=\"auto\">Gest\u00e4nge aus\u00a0<\/span><span data-contrast=\"auto\">Aluminium hingegen sind leicht und eignen sich gut f\u00fcr Reisen sowie f\u00fcr einen h\u00e4ufigen Standortwechsel. Allerdings\u00a0<\/span><span data-contrast=\"auto\">sorgt<\/span><span data-contrast=\"auto\">\u00a0das niedrigere Gewicht<\/span><span data-contrast=\"auto\">\u00a0daf\u00fcr, dass Sie<\/span><span data-contrast=\"auto\">\u00a0Abstriche bei der Stabilit\u00e4t<\/span><span data-contrast=\"auto\">\u00a0machen m\u00fcssen<\/span><span data-contrast=\"auto\">. Carbon ist etwas hochpreisiger und Aluminium nicht so stabil, aus diesen Gr\u00fcnden sind die Eisenstangen der Klassiker im Vorzeltbau. <\/span><\/p>\n<p style=\"text-align: justify;\"><span data-contrast=\"auto\">Gest\u00e4nge aus Fiberglas sind auch eine Option. Dabei handelt es sich um glasfaserverst\u00e4rkten Kunststoff (GFK). Die einzelnen Segmente sind durch einen Gummizug verbunden, so ist das Zusammensetzen auch nicht schwerer, als bei anderen Materialien. Doch wie schon erw\u00e4hnt, wird GFK im Vorzeltbau-Segment weniger verwendet, da es bruch- und splitterempfindlich ist.<\/span><\/p>\n<p><img loading=\"lazy\" decoding=\"async\" class=\"aligncenter wp-image-9390 \" title=\"Berger Fiberglasstangen 8mm\" src=\"https:\/\/www.schlanser.ch\/magazin\/wp-content\/uploads\/2021\/04\/Berger-Fiberglasstangen-8mm-1.jpg\" alt=\"Berger Fiberglasstangen 8mm\" width=\"533\" height=\"333\" srcset=\"https:\/\/www.schlanser.ch\/magazin\/wp-content\/uploads\/2021\/04\/Berger-Fiberglasstangen-8mm-1.jpg 620w, https:\/\/www.schlanser.ch\/magazin\/wp-content\/uploads\/2021\/04\/Berger-Fiberglasstangen-8mm-1-300x187.jpg 300w\" sizes=\"(max-width: 533px) 100vw, 533px\" \/><\/p>\n<p style=\"text-align: justify;\"><span data-contrast=\"auto\">Eine gute Alternative sind Vorzelte mit Hochdruck-Luftschl\u00e4uchen. Hier liegt der Vorteil ganz klar darin begr\u00fcndet, dass sie schnell und komfortabel aufzubauen sind. In dem Inneren des Zeltes befinden sich Luftkammern als Hauptb\u00f6gen, die quasi das Grundger\u00fcst darstellen. In den Luftkammern sind Luftschl\u00e4uche integriert, die mit Luft bef\u00fcllt werden. Viele Modelle verf\u00fcgen nur \u00fcber ein einziges Ventil, durch welches das ganze System bef\u00fcllt wird. Die Luftzelte sind nicht nur leicht und verf\u00fcgen \u00fcber ein geringes\u00a0Packmass, sie sind auch noch sehr stabil.\u00a0<\/span><span data-ccp-props=\"{&quot;201341983&quot;:0,&quot;335559739&quot;:160,&quot;335559740&quot;:259}\">\u00a0<\/span><\/p>\n<h2><span data-contrast=\"auto\">Produktvorstellung &#8222;Westfield Zusatzgest\u00e4nge f\u00fcr Reisevorzelt Pluto&#8220;<\/span><span data-ccp-props=\"{&quot;201341983&quot;:0,&quot;335559739&quot;:160,&quot;335559740&quot;:259}\">\u00a0<\/span><\/h2>\n<p style=\"text-align: justify;\"><span data-contrast=\"auto\">Das\u00a0<\/span><span data-contrast=\"none\">Westfield Vorderwand-St\u00fctzgest\u00e4nge<\/span><span data-contrast=\"auto\">\u00a0gibt dem Reisevorzelt Pluto extra Sicherheit und sch\u00fctzt es vor Wind und Wetter. Das Gest\u00e4nge funktioniert mit dem\u00a0Airtube-Prinzip und kann\u00a0<\/span><span data-contrast=\"auto\">I<\/span><span data-contrast=\"auto\">hr Vorzelt\u00a0<\/span><span data-contrast=\"auto\">auf effiziente Weise<\/span><span data-contrast=\"auto\">\u00a0<\/span><span data-contrast=\"auto\">stabiler machen. Sie k\u00f6nnen die Luftkammern \u00fcber<\/span><span data-contrast=\"auto\">\u00a0nur<\/span><span data-contrast=\"auto\">\u00a0einen einzigen Punkt bef\u00fcllen, so geht der Auf- und Abbau schnell und unkompliziert vonstatten.\u00a0<\/span><span data-ccp-props=\"{&quot;201341983&quot;:0,&quot;335559739&quot;:160,&quot;335559740&quot;:259}\">\u00a0<\/span><\/p>\n<p><img loading=\"lazy\" decoding=\"async\" class=\"aligncenter wp-image-9378 size-full\" title=\"Westfield Zusatzgest\u00e4nge f\u00fcr Reisevorzelt Pluto\" src=\"https:\/\/www.schlanser.ch\/magazin\/wp-content\/uploads\/2021\/04\/Westfield-Zusatzgest\u00e4nge-f\u00fcr-Reisevorzelt-Pluto-1.jpg\" alt=\"Westfield Zusatzgest\u00e4nge f\u00fcr Reisevorzelt Pluto\" width=\"620\" height=\"166\" srcset=\"https:\/\/www.schlanser.ch\/magazin\/wp-content\/uploads\/2021\/04\/Westfield-Zusatzgest\u00e4nge-f\u00fcr-Reisevorzelt-Pluto-1.jpg 620w, https:\/\/www.schlanser.ch\/magazin\/wp-content\/uploads\/2021\/04\/Westfield-Zusatzgest\u00e4nge-f\u00fcr-Reisevorzelt-Pluto-1-300x80.jpg 300w\" sizes=\"(max-width: 620px) 100vw, 620px\" \/><\/p>\n<p><span data-contrast=\"auto\">Weitere Informationen zum Westfield Zusatzgest\u00e4nge f\u00fcr Reisevorzelt Pluto:<\/span><span data-ccp-props=\"{&quot;201341983&quot;:0,&quot;335559739&quot;:160,&quot;335559740&quot;:259}\">\u00a0<\/span><\/p>\n<p><span data-contrast=\"auto\">&#8211;<\/span><span data-contrast=\"auto\">gelieferter Inhalt: 2 St\u00fcck<\/span><span data-ccp-props=\"{&quot;201341983&quot;:0,&quot;335559739&quot;:160,&quot;335559740&quot;:259}\">\u00a0<\/span><\/p>\n<p><span data-contrast=\"auto\">&#8211;<\/span><span data-contrast=\"auto\">Masse: 10 \u00d7 180 cm<\/span><span data-ccp-props=\"{&quot;201341983&quot;:0,&quot;335559739&quot;:160,&quot;335559740&quot;:259}\">\u00a0<\/span><\/p>\n<p><span data-contrast=\"auto\">&#8211;<\/span><span data-contrast=\"auto\">Gewicht: 3,9 kg<\/span><span data-ccp-props=\"{&quot;201341983&quot;:0,&quot;335559739&quot;:160,&quot;335559740&quot;:259}\">\u00a0<\/span><\/p>\n","protected":false},"excerpt":{"rendered":"<p>\u00ab Mehr Stabilit\u00e4t f\u00fcr Reisevorzelte \u00bb Campingliebhaber freuen sich das ganze Jahr auf ihren wohlverdienten Urlaub\u00a0\u2013\u00a0endlich das Wohnmobil starten und alles einfach mal hinter sich lassen. Das gilt auch f\u00fcr die Sorgen und den ganzen Stress. Voraussetzung ist nat\u00fcrlich, dass Wohnmobil\u00a0und\u00a0Campingausr\u00fcstung\u00a0in Schuss sind. Vor allem das\u00a0Vorzelt\u00a0sollte ausreichend stabil sein. So dient dies doch als erweiterter &hellip;<\/p>\n","protected":false},"author":1,"featured_media":9364,"comment_status":"closed","ping_status":"open","sticky":false,"template":"","format":"standard","meta":{"footnotes":""},"categories":[1],"tags":[669,1302,924,1301,1247],"yoast_head":"<!-- This site is optimized with the Yoast SEO plugin v22.2 - https:\/\/yoast.com\/wordpress\/plugins\/seo\/ -->\n<title>Zusatzgest\u00e4nge f\u00fcr Vorzelte - Schlanser Magazin<\/title>\n<meta name=\"description\" content=\"Meta-Description Das Schanser Camping Magazin berichtet \u00fcber zus\u00e4tzliches Gest\u00e4nge f\u00fcr das Vorzelt \u2714 das leichten Reisezelten mehr Stabilit\u00e4t verleiht!\" \/>\n<meta name=\"robots\" content=\"index, follow, max-snippet:-1, max-image-preview:large, max-video-preview:-1\" \/>\n<link rel=\"canonical\" href=\"https:\/\/www.schlanser.ch\/magazin\/zusatzgestaenge-fuer-vorzelte\/\" \/>\n<meta property=\"og:locale\" content=\"de_DE\" \/>\n<meta property=\"og:type\" content=\"article\" \/>\n<meta property=\"og:title\" content=\"Zusatzgest\u00e4nge f\u00fcr Vorzelte - Schlanser Magazin\" \/>\n<meta property=\"og:description\" content=\"Meta-Description Das Schanser Camping Magazin berichtet \u00fcber zus\u00e4tzliches Gest\u00e4nge f\u00fcr das Vorzelt \u2714 das leichten Reisezelten mehr Stabilit\u00e4t verleiht!\" \/>\n<meta property=\"og:url\" content=\"https:\/\/www.schlanser.ch\/magazin\/zusatzgestaenge-fuer-vorzelte\/\" \/>\n<meta property=\"og:site_name\" content=\"Schlanser Magazin\" \/>\n<meta property=\"article:published_time\" content=\"2020-04-21T13:34:43+00:00\" \/>\n<meta property=\"article:modified_time\" content=\"2024-01-10T14:43:59+00:00\" \/>\n<meta property=\"og:image\" content=\"https:\/\/www.schlanser.ch\/magazin\/wp-content\/uploads\/2021\/04\/Berger-Reisevorzelt-Garda-L.jpg\" \/>\n\t<meta property=\"og:image:width\" content=\"660\" \/>\n\t<meta property=\"og:image:height\" content=\"371\" \/>\n\t<meta property=\"og:image:type\" content=\"image\/jpeg\" \/>\n<meta name=\"author\" content=\"admin\" \/>\n<meta name=\"twitter:card\" content=\"summary_large_image\" \/>\n<meta name=\"twitter:label1\" content=\"Verfasst von\" \/>\n\t<meta name=\"twitter:data1\" content=\"admin\" \/>\n\t<meta name=\"twitter:label2\" content=\"Gesch\u00e4tzte Lesezeit\" \/>\n\t<meta name=\"twitter:data2\" content=\"6 Minuten\" \/>\n<script type=\"application\/ld+json\" class=\"yoast-schema-graph\">{\"@context\":\"https:\/\/schema.org\",\"@graph\":[{\"@type\":\"WebPage\",\"@id\":\"https:\/\/www.schlanser.ch\/magazin\/zusatzgestaenge-fuer-vorzelte\/\",\"url\":\"https:\/\/www.schlanser.ch\/magazin\/zusatzgestaenge-fuer-vorzelte\/\",\"name\":\"Zusatzgest\u00e4nge f\u00fcr Vorzelte - Schlanser Magazin\",\"isPartOf\":{\"@id\":\"https:\/\/www.schlanser.ch\/magazin\/#website\"},\"primaryImageOfPage\":{\"@id\":\"https:\/\/www.schlanser.ch\/magazin\/zusatzgestaenge-fuer-vorzelte\/#primaryimage\"},\"image\":{\"@id\":\"https:\/\/www.schlanser.ch\/magazin\/zusatzgestaenge-fuer-vorzelte\/#primaryimage\"},\"thumbnailUrl\":\"https:\/\/www.schlanser.ch\/magazin\/wp-content\/uploads\/2021\/04\/Berger-Reisevorzelt-Garda-L.jpg\",\"datePublished\":\"2020-04-21T13:34:43+00:00\",\"dateModified\":\"2024-01-10T14:43:59+00:00\",\"author\":{\"@id\":\"https:\/\/www.schlanser.ch\/magazin\/#\/schema\/person\/000db0a103eb2594ba3daf394b1dfea2\"},\"description\":\"Meta-Description Das Schanser Camping Magazin berichtet \u00fcber zus\u00e4tzliches Gest\u00e4nge f\u00fcr das Vorzelt \u2714 das leichten Reisezelten mehr Stabilit\u00e4t verleiht!\",\"breadcrumb\":{\"@id\":\"https:\/\/www.schlanser.ch\/magazin\/zusatzgestaenge-fuer-vorzelte\/#breadcrumb\"},\"inLanguage\":\"de-DE\",\"potentialAction\":[{\"@type\":\"ReadAction\",\"target\":[\"https:\/\/www.schlanser.ch\/magazin\/zusatzgestaenge-fuer-vorzelte\/\"]}]},{\"@type\":\"ImageObject\",\"inLanguage\":\"de-DE\",\"@id\":\"https:\/\/www.schlanser.ch\/magazin\/zusatzgestaenge-fuer-vorzelte\/#primaryimage\",\"url\":\"https:\/\/www.schlanser.ch\/magazin\/wp-content\/uploads\/2021\/04\/Berger-Reisevorzelt-Garda-L.jpg\",\"contentUrl\":\"https:\/\/www.schlanser.ch\/magazin\/wp-content\/uploads\/2021\/04\/Berger-Reisevorzelt-Garda-L.jpg\",\"width\":660,\"height\":371},{\"@type\":\"BreadcrumbList\",\"@id\":\"https:\/\/www.schlanser.ch\/magazin\/zusatzgestaenge-fuer-vorzelte\/#breadcrumb\",\"itemListElement\":[{\"@type\":\"ListItem\",\"position\":1,\"name\":\"Startseite\",\"item\":\"https:\/\/www.schlanser.ch\/magazin\/\"},{\"@type\":\"ListItem\",\"position\":2,\"name\":\"Zusatzgest\u00e4nge f\u00fcr Vorzelte\"}]},{\"@type\":\"WebSite\",\"@id\":\"https:\/\/www.schlanser.ch\/magazin\/#website\",\"url\":\"https:\/\/www.schlanser.ch\/magazin\/\",\"name\":\"Schlanser Magazin\",\"description\":\"\",\"potentialAction\":[{\"@type\":\"SearchAction\",\"target\":{\"@type\":\"EntryPoint\",\"urlTemplate\":\"https:\/\/www.schlanser.ch\/magazin\/?s={search_term_string}\"},\"query-input\":\"required name=search_term_string\"}],\"inLanguage\":\"de-DE\"},{\"@type\":\"Person\",\"@id\":\"https:\/\/www.schlanser.ch\/magazin\/#\/schema\/person\/000db0a103eb2594ba3daf394b1dfea2\",\"name\":\"admin\",\"image\":{\"@type\":\"ImageObject\",\"inLanguage\":\"de-DE\",\"@id\":\"https:\/\/www.schlanser.ch\/magazin\/#\/schema\/person\/image\/\",\"url\":\"https:\/\/secure.gravatar.com\/avatar\/a794a4fe8a9b9c52241597eb381dfa2e?s=96&d=mm&r=g\",\"contentUrl\":\"https:\/\/secure.gravatar.com\/avatar\/a794a4fe8a9b9c52241597eb381dfa2e?s=96&d=mm&r=g\",\"caption\":\"admin\"}}]}<\/script>\n<!-- \/ Yoast SEO plugin. -->","yoast_head_json":{"title":"Zusatzgest\u00e4nge f\u00fcr Vorzelte - Schlanser Magazin","description":"Meta-Description Das Schanser Camping Magazin berichtet \u00fcber zus\u00e4tzliches Gest\u00e4nge f\u00fcr das Vorzelt \u2714 das leichten Reisezelten mehr Stabilit\u00e4t verleiht!","robots":{"index":"index","follow":"follow","max-snippet":"max-snippet:-1","max-image-preview":"max-image-preview:large","max-video-preview":"max-video-preview:-1"},"canonical":"https:\/\/www.schlanser.ch\/magazin\/zusatzgestaenge-fuer-vorzelte\/","og_locale":"de_DE","og_type":"article","og_title":"Zusatzgest\u00e4nge f\u00fcr Vorzelte - Schlanser Magazin","og_description":"Meta-Description Das Schanser Camping Magazin berichtet \u00fcber zus\u00e4tzliches Gest\u00e4nge f\u00fcr das Vorzelt \u2714 das leichten Reisezelten mehr Stabilit\u00e4t verleiht!","og_url":"https:\/\/www.schlanser.ch\/magazin\/zusatzgestaenge-fuer-vorzelte\/","og_site_name":"Schlanser Magazin","article_published_time":"2020-04-21T13:34:43+00:00","article_modified_time":"2024-01-10T14:43:59+00:00","og_image":[{"width":660,"height":371,"url":"https:\/\/www.schlanser.ch\/magazin\/wp-content\/uploads\/2021\/04\/Berger-Reisevorzelt-Garda-L.jpg","type":"image\/jpeg"}],"author":"admin","twitter_card":"summary_large_image","twitter_misc":{"Verfasst von":"admin","Gesch\u00e4tzte Lesezeit":"6 Minuten"},"schema":{"@context":"https:\/\/schema.org","@graph":[{"@type":"WebPage","@id":"https:\/\/www.schlanser.ch\/magazin\/zusatzgestaenge-fuer-vorzelte\/","url":"https:\/\/www.schlanser.ch\/magazin\/zusatzgestaenge-fuer-vorzelte\/","name":"Zusatzgest\u00e4nge f\u00fcr Vorzelte - Schlanser Magazin","isPartOf":{"@id":"https:\/\/www.schlanser.ch\/magazin\/#website"},"primaryImageOfPage":{"@id":"https:\/\/www.schlanser.ch\/magazin\/zusatzgestaenge-fuer-vorzelte\/#primaryimage"},"image":{"@id":"https:\/\/www.schlanser.ch\/magazin\/zusatzgestaenge-fuer-vorzelte\/#primaryimage"},"thumbnailUrl":"https:\/\/www.schlanser.ch\/magazin\/wp-content\/uploads\/2021\/04\/Berger-Reisevorzelt-Garda-L.jpg","datePublished":"2020-04-21T13:34:43+00:00","dateModified":"2024-01-10T14:43:59+00:00","author":{"@id":"https:\/\/www.schlanser.ch\/magazin\/#\/schema\/person\/000db0a103eb2594ba3daf394b1dfea2"},"description":"Meta-Description Das Schanser Camping Magazin berichtet \u00fcber zus\u00e4tzliches Gest\u00e4nge f\u00fcr das Vorzelt \u2714 das leichten Reisezelten mehr Stabilit\u00e4t verleiht!","breadcrumb":{"@id":"https:\/\/www.schlanser.ch\/magazin\/zusatzgestaenge-fuer-vorzelte\/#breadcrumb"},"inLanguage":"de-DE","potentialAction":[{"@type":"ReadAction","target":["https:\/\/www.schlanser.ch\/magazin\/zusatzgestaenge-fuer-vorzelte\/"]}]},{"@type":"ImageObject","inLanguage":"de-DE","@id":"https:\/\/www.schlanser.ch\/magazin\/zusatzgestaenge-fuer-vorzelte\/#primaryimage","url":"https:\/\/www.schlanser.ch\/magazin\/wp-content\/uploads\/2021\/04\/Berger-Reisevorzelt-Garda-L.jpg","contentUrl":"https:\/\/www.schlanser.ch\/magazin\/wp-content\/uploads\/2021\/04\/Berger-Reisevorzelt-Garda-L.jpg","width":660,"height":371},{"@type":"BreadcrumbList","@id":"https:\/\/www.schlanser.ch\/magazin\/zusatzgestaenge-fuer-vorzelte\/#breadcrumb","itemListElement":[{"@type":"ListItem","position":1,"name":"Startseite","item":"https:\/\/www.schlanser.ch\/magazin\/"},{"@type":"ListItem","position":2,"name":"Zusatzgest\u00e4nge f\u00fcr Vorzelte"}]},{"@type":"WebSite","@id":"https:\/\/www.schlanser.ch\/magazin\/#website","url":"https:\/\/www.schlanser.ch\/magazin\/","name":"Schlanser Magazin","description":"","potentialAction":[{"@type":"SearchAction","target":{"@type":"EntryPoint","urlTemplate":"https:\/\/www.schlanser.ch\/magazin\/?s={search_term_string}"},"query-input":"required name=search_term_string"}],"inLanguage":"de-DE"},{"@type":"Person","@id":"https:\/\/www.schlanser.ch\/magazin\/#\/schema\/person\/000db0a103eb2594ba3daf394b1dfea2","name":"admin","image":{"@type":"ImageObject","inLanguage":"de-DE","@id":"https:\/\/www.schlanser.ch\/magazin\/#\/schema\/person\/image\/","url":"https:\/\/secure.gravatar.com\/avatar\/a794a4fe8a9b9c52241597eb381dfa2e?s=96&d=mm&r=g","contentUrl":"https:\/\/secure.gravatar.com\/avatar\/a794a4fe8a9b9c52241597eb381dfa2e?s=96&d=mm&r=g","caption":"admin"}}]}},"_links":{"self":[{"href":"https:\/\/www.schlanser.ch\/magazin\/wp-json\/wp\/v2\/posts\/9360"}],"collection":[{"href":"https:\/\/www.schlanser.ch\/magazin\/wp-json\/wp\/v2\/posts"}],"about":[{"href":"https:\/\/www.schlanser.ch\/magazin\/wp-json\/wp\/v2\/types\/post"}],"author":[{"embeddable":true,"href":"https:\/\/www.schlanser.ch\/magazin\/wp-json\/wp\/v2\/users\/1"}],"replies":[{"embeddable":true,"href":"https:\/\/www.schlanser.ch\/magazin\/wp-json\/wp\/v2\/comments?post=9360"}],"version-history":[{"count":28,"href":"https:\/\/www.schlanser.ch\/magazin\/wp-json\/wp\/v2\/posts\/9360\/revisions"}],"predecessor-version":[{"id":17233,"href":"https:\/\/www.schlanser.ch\/magazin\/wp-json\/wp\/v2\/posts\/9360\/revisions\/17233"}],"wp:featuredmedia":[{"embeddable":true,"href":"https:\/\/www.schlanser.ch\/magazin\/wp-json\/wp\/v2\/media\/9364"}],"wp:attachment":[{"href":"https:\/\/www.schlanser.ch\/magazin\/wp-json\/wp\/v2\/media?parent=9360"}],"wp:term":[{"taxonomy":"category","embeddable":true,"href":"https:\/\/www.schlanser.ch\/magazin\/wp-json\/wp\/v2\/categories?post=9360"},{"taxonomy":"post_tag","embeddable":true,"href":"https:\/\/www.schlanser.ch\/magazin\/wp-json\/wp\/v2\/tags?post=9360"}],"curies":[{"name":"wp","href":"https:\/\/api.w.org\/{rel}","templated":true}]}}