{"id":942,"date":"2016-12-29T09:34:31","date_gmt":"2016-12-29T08:34:31","guid":{"rendered":"https:\/\/www.schlanser.ch\/magazin\/?p=942"},"modified":"2024-01-10T14:40:32","modified_gmt":"2024-01-10T13:40:32","slug":"wohnwagen-und-vorzelt-heizen","status":"publish","type":"post","link":"https:\/\/www.schlanser.ch\/magazin\/wohnwagen-und-vorzelt-heizen\/","title":{"rendered":"Wohnwagen und Vorzelt heizen"},"content":{"rendered":"<h2>\u00ab Alles f\u00fcr kalte Campingtage \u00bb<\/h2>\n<p style=\"text-align: justify;\"><strong>Schon lange bevor der Winter das Land mit seinem eisigen Griff umklammert, wird es unangenehm kalt. Bei steigender Luftfeuchtigkeit gestalten sich Herbst und Fr\u00fchling in malerischer Sch\u00f6nheit, doch das K\u00e4lteempfinden nimmt zu. Sie geniessen die sch\u00f6nen Stunden ausserhalb der Camping-Saison in wohliger W\u00e4rme, wenn Sie Wohnwagen und Vorzelt mit passendem Equipment heizen. Wir stellen verschiedene L\u00f6sungen und Zusammenstellungen vor.<\/strong><\/p>\n<h2>Grundausstattung oder Einbau<\/h2>\n<p style=\"text-align: justify;\">Wer heute einen Wohnwagen kauft, kann in den meisten F\u00e4llen darauf vertrauen, dass eine Heizm\u00f6glichkeit f\u00fcr das Wintercamping bereits eingebaut ist. F\u00fcr alle anderen z\u00e4hlen beispielsweise Truma Heizungen zu den am weitesten verbreiteten Heizanlagen f\u00fcr den Gasbetrieb und weitere Energiequellen. Die fachgerechte Montage \u00fcbernimmt auf Wunsch der Wohnwagenh\u00e4ndler. Die Nachr\u00fcstung ist einfach und praktisch \u00fcberall denkbar. Dank fachkundiger Beratung ist die Leistung der Wohnwagenheizung nach Einbau dann optimal auf die Wohnfl\u00e4che zugeschnitten. Leise arbeitende und leistungsstarke Gebl\u00e4se verteilen die W\u00e4rme im Raum.<\/p>\n<p><center><img loading=\"lazy\" decoding=\"async\" class=\"alignnone wp-image-996 size-full\" title=\"Truma S 5004 Erdgas-Heizung\" src=\"https:\/\/www.schlanser.ch\/magazin\/wp-content\/uploads\/2016\/12\/Truma-S-5004-Erdgas-Heizung.jpg\" alt=\"truma-s-5004-erdgas-heizung\" width=\"220\" height=\"220\" srcset=\"https:\/\/www.schlanser.ch\/magazin\/wp-content\/uploads\/2016\/12\/Truma-S-5004-Erdgas-Heizung.jpg 220w, https:\/\/www.schlanser.ch\/magazin\/wp-content\/uploads\/2016\/12\/Truma-S-5004-Erdgas-Heizung-150x150.jpg 150w\" sizes=\"(max-width: 220px) 100vw, 220px\" \/> <img loading=\"lazy\" decoding=\"async\" class=\"alignnone wp-image-997 size-full\" title=\"Truma S 2200 Fl\u00fcssiggasheizung\" src=\"https:\/\/www.schlanser.ch\/magazin\/wp-content\/uploads\/2016\/12\/Truma-S-2200-Fl\u00fcssiggasheizung.jpg\" alt=\"truma-s-2200-fluessiggasheizung\" width=\"220\" height=\"220\" srcset=\"https:\/\/www.schlanser.ch\/magazin\/wp-content\/uploads\/2016\/12\/Truma-S-2200-Fl\u00fcssiggasheizung.jpg 220w, https:\/\/www.schlanser.ch\/magazin\/wp-content\/uploads\/2016\/12\/Truma-S-2200-Fl\u00fcssiggasheizung-150x150.jpg 150w\" sizes=\"(max-width: 220px) 100vw, 220px\" \/><\/center><\/p>\n<p style=\"text-align: justify;\">Je nach den Vorschriften in den einzelnen L\u00e4ndern kommt der Betrieb mit Fl\u00fcssiggas oder Erdgas infrage. Alternativ liefert der Hersteller auch Heizungen f\u00fcr den Strombetrieb. Einige Dachklimaanlagen sorgen ebenfalls f\u00fcr k\u00fchle N\u00e4chte im Sommer und angenehme Temperaturen, wenn es draussen kalt wird. Die Dachklimaanlage braucht daf\u00fcr aber Strom.<\/p>\n<h2>Einbauen, erneuern, austauschen<\/h2>\n<p style=\"text-align: justify;\"><img loading=\"lazy\" decoding=\"async\" class=\"alignright wp-image-990 size-full\" title=\"Truma Ultraheat Zusatzheizung | mit 3 Leistungsstufen\" src=\"https:\/\/www.schlanser.ch\/magazin\/wp-content\/uploads\/2016\/12\/Truma-Ultraheat-Zusatzheizung.jpg\" alt=\"truma-ultraheat-zusatzheizung\" width=\"180\" height=\"215\" \/>Obwohl die Heizanlagen f\u00fcr Wohnwagen ausgesprochen langlebig sind, kommt es auch hier zu Verschleiss, der einen Eingriff erfordert. Heizanlagen die \u00fcber 20 Jahre alt sind haben Ihre Schuldigkeit getan und sollten dringend ersetzt werden. Wer sein Reisemobil selbst ausbaut, steht gleichfalls vor der Frage, wie der Wohnwagen zu heizen und welche Anlage die richtige ist. Die Nennw\u00e4rmeleistung liegt zwischen 1850 W und 6000 W und orientiert sich an der Gr\u00f6sse des Caravans. Die Verteilung spielt ebenfalls eine Rolle, wenn es im \u201eSchlafzimmer\u201c nicht so warm sein muss wie im \u201eWohnraum\u201c.<\/p>\n<p style=\"text-align: justify;\">Ansprechende Geh\u00e4use harmonieren mit einem modernen Einrichtungsstil oder schaffen Ambiente mit einer Kaminfeuer-Verkleidung. Als Erweiterung kommt eine elektrische Zusatzheizung infrage.<\/p>\n<p style=\"text-align: justify;\"><img loading=\"lazy\" decoding=\"async\" class=\"wp-image-983 size-full alignleft\" title=\"Truma Verkleidung mit Kaminfeuer f\u00fcr Trumatic S 5002\" src=\"https:\/\/www.schlanser.ch\/magazin\/wp-content\/uploads\/2016\/12\/Truma-Verkleidung-mit-Kaminfeuer-f\u00fcr-Trumatic-S-5002.jpg\" alt=\"truma-verkleidung-mit-kaminfeuer-fuer-trumatic-s-5002\" width=\"179\" height=\"210\" \/>Aus Sicherheitsgr\u00fcnden ist ein Fachmann f\u00fcr den Ein- und Umbau zu beauftragen. Die anschliessende Sicherheitspr\u00fcfung der Anlage ist selbstverst\u00e4ndlich und wird in regelm\u00e4ssigen Abst\u00e4nden wiederholt.<\/p>\n<p style=\"text-align: justify;\">Eine Gasanlage ist erst nach erfolgreicher Pr\u00fcfung durch einen Sachkundigen f\u00fcr den Betrieb freigegeben. Mit ausreichender Heizleistung und entsprechend starkem Gebl\u00e4se k\u00f6nnen Sie dann sogar das Vorzelt heizen. Allerdings ohne eine getrennte Steuerung der W\u00e4rme f\u00fcr innen und aussen.<\/p>\n<h2>Heizger\u00e4te im Vorzelt<\/h2>\n<p style=\"text-align: justify;\">Wer in Caravan und Vorzelt unterschiedliche Temperaturen erzielen m\u00f6chte, findet im Handel zahlreiche L\u00f6sung, um den Wohnwagen zu heizen. Aufgrund der besseren Bel\u00fcftung im Vorzelt kommen weitere L\u00f6sungsm\u00f6glichkeiten infrage. Allerdings sind nicht alle empfehlenswert. Dringend abzuraten ist zum Beispiel von der Verwendung von Gasheizstrahlern f\u00fcr das Baugewerbe. In der Enge beim Camping geht von diesen und vergleichbaren Ger\u00e4ten ein erh\u00f6htes Unfallrisiko aus. Radiatoren mit \u00d6l oder Strom sind sicherer, allerdings vergleichsweise selten anzutreffen. Durchsetzen konnten sich hingegen Infrarot- und Katalyt-Heizger\u00e4te, die mehrheitlich mit einer Sauerstoffmangelsicherung ausgestattet sind. Eine thermoelektrische Z\u00fcndsicherung sorgt zus\u00e4tzlich f\u00fcr gefahrloses Heizen und die Piezoz\u00fcndung erlaubt h\u00f6chsten Bedienkomfort.<\/p>\n<p style=\"text-align: justify;\"><img loading=\"lazy\" decoding=\"async\" class=\"aligncenter wp-image-972 size-full\" title=\"Berger Infrarot Gasheizung\" src=\"https:\/\/www.schlanser.ch\/magazin\/wp-content\/uploads\/2016\/12\/Berger-Infrarot-Gasheizung.jpg\" alt=\"berger-infrarot-gasheizung\" width=\"600\" height=\"479\" srcset=\"https:\/\/www.schlanser.ch\/magazin\/wp-content\/uploads\/2016\/12\/Berger-Infrarot-Gasheizung.jpg 600w, https:\/\/www.schlanser.ch\/magazin\/wp-content\/uploads\/2016\/12\/Berger-Infrarot-Gasheizung-300x240.jpg 300w\" sizes=\"(max-width: 600px) 100vw, 600px\" \/><\/p>\n<p style=\"text-align: justify;\">Nachteil: Flaschengas verbrennt zu CO\u00b2 und Wasser, das sich beim Betrieb als Kondenswasser zeigt. Das geschieht zwar auch in der Truma Heizung, allerdings gelangt der Wasserdampf durch den Schornstein ins Freie. Im Vorzelt kommt es zur Niederschlagsbildung an kalten Oberfl\u00e4chen wie haupts\u00e4chlich an Zeltinnenw\u00e4nden.<\/p>\n<h2>Kompakt und universell einsetzbar<\/h2>\n<p style=\"text-align: justify;\">F\u00fcr Reisemobile und andere Caravans mit wenig Platz ist die Truma Heizung E 4000 vorgesehen. Die Fl\u00fcssiggasheizung wird im Innenraum verbaut und liegt ebenfalls als Variante f\u00fcr die Aussenmontage vor.<\/p>\n<p><iframe loading=\"lazy\" src=\"https:\/\/www.youtube.com\/embed\/hiMHW4aWt9U?rel=0&amp;controls=0\" width=\"640\" height=\"360\" frameborder=\"0\" allowfullscreen=\"allowfullscreen\"><\/iframe><\/p>\n<p style=\"text-align: justify;\">Mit der Truma Heizung Combi CP plus konnte der Hersteller die kompakte Reisemobilheizung weiter verbessern. Die energieeffiziente Truma Heizung arbeitet mit Strom oder Gas.<\/p>\n<p style=\"text-align: justify;\"><img loading=\"lazy\" decoding=\"async\" class=\"alignright wp-image-957 size-full\" title=\"Truma Combi CP plus Heizung | mit digitalem Bedienteil\" src=\"https:\/\/www.schlanser.ch\/magazin\/wp-content\/uploads\/2016\/12\/Truma-Combi-CP-plus-Heizung.jpg\" alt=\"truma-combi-cp-plus-heizung\" width=\"235\" height=\"170\" \/>Neben der reinen Heizleistung liefert sie gleichzeitig warmes Wasser. Dank Booster erhitzt laut Herstellerangaben ein Boiler seine 10 l Fassungsverm\u00f6gen innerhalb von 20 Minuten auf 60 \u00b0C.<\/p>\n<p style=\"text-align: justify;\">Das neue digitale Bedienteil erlaubt h\u00f6chsten Bedienungskomfort und nutzt eine umweltschonende Heiztechnik mit einem Wirkungsgrad von 97 %.<\/p>\n<h2>Dachklimaanlage zum Heizen nutzen<\/h2>\n<p style=\"text-align: justify;\">Wer f\u00fcr Wintercamping nicht zu begeistern ist, kommt vermutlich mit weniger aufwendigen L\u00f6sungen gut zurecht. Zahlreiche Klimaanlagen eignen sich nicht nur im Sommer, um die Temperatur im Wageninneren zu senken, sondern liefern auch wohlige W\u00e4rme in k\u00fchlen N\u00e4chten. F\u00fcr das traditionelle &#8222;Ancampen&#8220; im Fr\u00fchling oder erste feucht-kalte N\u00e4chte im Herbst reicht die Leistung vielleicht schon aus. Bei der Betriebsart Strom geraten schnell die Kosten in den Blickpunkt. Das gilt ebenso f\u00fcr den Betrieb von Heizl\u00fcftern, die punktuell f\u00fcr W\u00e4rme sorgen. Besonders in der \u00dcbergangszeit ist es jedoch h\u00e4ufig ausreichend, den Wohnwagen einmal kurz durchzuheizen, um komfortabel zu leben.<\/p>\n<p style=\"text-align: justify;\"><img loading=\"lazy\" decoding=\"async\" class=\"alignleft wp-image-968 size-full\" title=\"Truma Aventa Dachklimaanlage | auch zum Heizen (W\u00e4rmepumpe)\" src=\"https:\/\/www.schlanser.ch\/magazin\/wp-content\/uploads\/2016\/12\/Truma-Aventa-Dachklimaanlage-auch-zum-Heizen.jpg\" alt=\"truma-aventa-dachklimaanlage-auch-zum-heizen\" width=\"289\" height=\"180\" \/>Mit wenigen Verbrauchsstunden kommt es dann zu eher moderaten Ausgaben beim Landstrom. Kr\u00e4ftiges L\u00fcften erzielt im Hinblick auf die Feuchtigkeitsbildung im Wageninneren gute Ergebnisse und am Tag w\u00e4rmt die Sonne bei ge\u00f6ffneter T\u00fcr den Camper.<\/p>\n<h2>Angemessen ausgestattet<\/h2>\n<p style=\"text-align: justify;\">F\u00fcr angenehmes Wohlgef\u00fchl im Wohnwagen sogar in der kalten Jahreszeit, sind zus\u00e4tzliche Teppiche, w\u00e4rmende Decken und die entsprechende Bekleidung zweckm\u00e4ssig. Dicke Socken halten die F\u00fcsse warm und Kleidung in mehreren Lagen hat sich nicht nur bei Kindern als wirkungsvolle Strategie erwiesen. So ger\u00fcstet bestehen auch kaum Einw\u00e4nde gegen das Wintercamping, wenn klare Luft bei eisigen Temperaturen ganz besondere Winterimpressionen hervorzaubert. In Kombination mit den passenden Heizger\u00e4ten ist Camping keine Frage des Wetters oder der Temperaturen mehr! Das war es allerdings f\u00fcr echte Camper ohnehin nie.<\/p>\n","protected":false},"excerpt":{"rendered":"<p>\u00ab Alles f\u00fcr kalte Campingtage \u00bb Schon lange bevor der Winter das Land mit seinem eisigen Griff umklammert, wird es unangenehm kalt. Bei steigender Luftfeuchtigkeit gestalten sich Herbst und Fr\u00fchling in malerischer Sch\u00f6nheit, doch das K\u00e4lteempfinden nimmt zu. Sie geniessen die sch\u00f6nen Stunden ausserhalb der Camping-Saison in wohliger W\u00e4rme, wenn Sie Wohnwagen und Vorzelt mit &hellip;<\/p>\n","protected":false},"author":1,"featured_media":970,"comment_status":"closed","ping_status":"open","sticky":false,"template":"","format":"standard","meta":{"footnotes":""},"categories":[1],"tags":[18,88,44,132,133,141,138,143,86,140,139,41,142,137,134,136,23,135],"yoast_head":"<!-- This site is optimized with the Yoast SEO plugin v22.2 - https:\/\/yoast.com\/wordpress\/plugins\/seo\/ -->\n<title>Wohnwagen und Vorzelt heizen - Schlanser Magazin<\/title>\n<meta name=\"description\" content=\"Kalte Tage sind f\u00fcr gut ausger\u00fcstete Camper kein Problem! \u2013 Das Schlanser Campingmagazin zeigt Ihnen Heizl\u00f6sungen f\u00fcr Zelte und Caravans!\" \/>\n<meta name=\"robots\" content=\"index, follow, max-snippet:-1, max-image-preview:large, max-video-preview:-1\" \/>\n<link rel=\"canonical\" href=\"https:\/\/www.schlanser.ch\/magazin\/wohnwagen-und-vorzelt-heizen\/\" \/>\n<meta property=\"og:locale\" content=\"de_DE\" \/>\n<meta property=\"og:type\" content=\"article\" \/>\n<meta property=\"og:title\" content=\"Wohnwagen und Vorzelt heizen - Schlanser Magazin\" \/>\n<meta property=\"og:description\" content=\"Kalte Tage sind f\u00fcr gut ausger\u00fcstete Camper kein Problem! \u2013 Das Schlanser Campingmagazin zeigt Ihnen Heizl\u00f6sungen f\u00fcr Zelte und Caravans!\" \/>\n<meta property=\"og:url\" content=\"https:\/\/www.schlanser.ch\/magazin\/wohnwagen-und-vorzelt-heizen\/\" \/>\n<meta property=\"og:site_name\" content=\"Schlanser Magazin\" \/>\n<meta property=\"article:published_time\" content=\"2016-12-29T08:34:31+00:00\" \/>\n<meta property=\"article:modified_time\" content=\"2024-01-10T13:40:32+00:00\" \/>\n<meta property=\"og:image\" content=\"https:\/\/www.schlanser.ch\/magazin\/wp-content\/uploads\/2016\/12\/Wohnwagen-und-Vorzelt-heizen.jpg\" \/>\n\t<meta property=\"og:image:width\" content=\"800\" \/>\n\t<meta property=\"og:image:height\" content=\"533\" \/>\n\t<meta property=\"og:image:type\" content=\"image\/jpeg\" \/>\n<meta name=\"author\" content=\"admin\" \/>\n<meta name=\"twitter:card\" content=\"summary_large_image\" \/>\n<meta name=\"twitter:label1\" content=\"Verfasst von\" \/>\n\t<meta name=\"twitter:data1\" content=\"admin\" \/>\n\t<meta name=\"twitter:label2\" content=\"Gesch\u00e4tzte Lesezeit\" \/>\n\t<meta name=\"twitter:data2\" content=\"5 Minuten\" \/>\n<script type=\"application\/ld+json\" class=\"yoast-schema-graph\">{\"@context\":\"https:\/\/schema.org\",\"@graph\":[{\"@type\":\"WebPage\",\"@id\":\"https:\/\/www.schlanser.ch\/magazin\/wohnwagen-und-vorzelt-heizen\/\",\"url\":\"https:\/\/www.schlanser.ch\/magazin\/wohnwagen-und-vorzelt-heizen\/\",\"name\":\"Wohnwagen und Vorzelt heizen - Schlanser Magazin\",\"isPartOf\":{\"@id\":\"https:\/\/www.schlanser.ch\/magazin\/#website\"},\"primaryImageOfPage\":{\"@id\":\"https:\/\/www.schlanser.ch\/magazin\/wohnwagen-und-vorzelt-heizen\/#primaryimage\"},\"image\":{\"@id\":\"https:\/\/www.schlanser.ch\/magazin\/wohnwagen-und-vorzelt-heizen\/#primaryimage\"},\"thumbnailUrl\":\"https:\/\/www.schlanser.ch\/magazin\/wp-content\/uploads\/2016\/12\/Wohnwagen-und-Vorzelt-heizen.jpg\",\"datePublished\":\"2016-12-29T08:34:31+00:00\",\"dateModified\":\"2024-01-10T13:40:32+00:00\",\"author\":{\"@id\":\"https:\/\/www.schlanser.ch\/magazin\/#\/schema\/person\/000db0a103eb2594ba3daf394b1dfea2\"},\"description\":\"Kalte Tage sind f\u00fcr gut ausger\u00fcstete Camper kein Problem! \u2013 Das Schlanser Campingmagazin zeigt Ihnen Heizl\u00f6sungen f\u00fcr Zelte und Caravans!\",\"breadcrumb\":{\"@id\":\"https:\/\/www.schlanser.ch\/magazin\/wohnwagen-und-vorzelt-heizen\/#breadcrumb\"},\"inLanguage\":\"de-DE\",\"potentialAction\":[{\"@type\":\"ReadAction\",\"target\":[\"https:\/\/www.schlanser.ch\/magazin\/wohnwagen-und-vorzelt-heizen\/\"]}]},{\"@type\":\"ImageObject\",\"inLanguage\":\"de-DE\",\"@id\":\"https:\/\/www.schlanser.ch\/magazin\/wohnwagen-und-vorzelt-heizen\/#primaryimage\",\"url\":\"https:\/\/www.schlanser.ch\/magazin\/wp-content\/uploads\/2016\/12\/Wohnwagen-und-Vorzelt-heizen.jpg\",\"contentUrl\":\"https:\/\/www.schlanser.ch\/magazin\/wp-content\/uploads\/2016\/12\/Wohnwagen-und-Vorzelt-heizen.jpg\",\"width\":800,\"height\":533,\"caption\":\"\u00a9 Lars Johansson \/ Fotolia.com\"},{\"@type\":\"BreadcrumbList\",\"@id\":\"https:\/\/www.schlanser.ch\/magazin\/wohnwagen-und-vorzelt-heizen\/#breadcrumb\",\"itemListElement\":[{\"@type\":\"ListItem\",\"position\":1,\"name\":\"Startseite\",\"item\":\"https:\/\/www.schlanser.ch\/magazin\/\"},{\"@type\":\"ListItem\",\"position\":2,\"name\":\"Wohnwagen und Vorzelt heizen\"}]},{\"@type\":\"WebSite\",\"@id\":\"https:\/\/www.schlanser.ch\/magazin\/#website\",\"url\":\"https:\/\/www.schlanser.ch\/magazin\/\",\"name\":\"Schlanser Magazin\",\"description\":\"\",\"potentialAction\":[{\"@type\":\"SearchAction\",\"target\":{\"@type\":\"EntryPoint\",\"urlTemplate\":\"https:\/\/www.schlanser.ch\/magazin\/?s={search_term_string}\"},\"query-input\":\"required name=search_term_string\"}],\"inLanguage\":\"de-DE\"},{\"@type\":\"Person\",\"@id\":\"https:\/\/www.schlanser.ch\/magazin\/#\/schema\/person\/000db0a103eb2594ba3daf394b1dfea2\",\"name\":\"admin\",\"image\":{\"@type\":\"ImageObject\",\"inLanguage\":\"de-DE\",\"@id\":\"https:\/\/www.schlanser.ch\/magazin\/#\/schema\/person\/image\/\",\"url\":\"https:\/\/secure.gravatar.com\/avatar\/a794a4fe8a9b9c52241597eb381dfa2e?s=96&d=mm&r=g\",\"contentUrl\":\"https:\/\/secure.gravatar.com\/avatar\/a794a4fe8a9b9c52241597eb381dfa2e?s=96&d=mm&r=g\",\"caption\":\"admin\"}}]}<\/script>\n<!-- \/ Yoast SEO plugin. -->","yoast_head_json":{"title":"Wohnwagen und Vorzelt heizen - Schlanser Magazin","description":"Kalte Tage sind f\u00fcr gut ausger\u00fcstete Camper kein Problem! \u2013 Das Schlanser Campingmagazin zeigt Ihnen Heizl\u00f6sungen f\u00fcr Zelte und Caravans!","robots":{"index":"index","follow":"follow","max-snippet":"max-snippet:-1","max-image-preview":"max-image-preview:large","max-video-preview":"max-video-preview:-1"},"canonical":"https:\/\/www.schlanser.ch\/magazin\/wohnwagen-und-vorzelt-heizen\/","og_locale":"de_DE","og_type":"article","og_title":"Wohnwagen und Vorzelt heizen - Schlanser Magazin","og_description":"Kalte Tage sind f\u00fcr gut ausger\u00fcstete Camper kein Problem! \u2013 Das Schlanser Campingmagazin zeigt Ihnen Heizl\u00f6sungen f\u00fcr Zelte und Caravans!","og_url":"https:\/\/www.schlanser.ch\/magazin\/wohnwagen-und-vorzelt-heizen\/","og_site_name":"Schlanser Magazin","article_published_time":"2016-12-29T08:34:31+00:00","article_modified_time":"2024-01-10T13:40:32+00:00","og_image":[{"width":800,"height":533,"url":"https:\/\/www.schlanser.ch\/magazin\/wp-content\/uploads\/2016\/12\/Wohnwagen-und-Vorzelt-heizen.jpg","type":"image\/jpeg"}],"author":"admin","twitter_card":"summary_large_image","twitter_misc":{"Verfasst von":"admin","Gesch\u00e4tzte Lesezeit":"5 Minuten"},"schema":{"@context":"https:\/\/schema.org","@graph":[{"@type":"WebPage","@id":"https:\/\/www.schlanser.ch\/magazin\/wohnwagen-und-vorzelt-heizen\/","url":"https:\/\/www.schlanser.ch\/magazin\/wohnwagen-und-vorzelt-heizen\/","name":"Wohnwagen und Vorzelt heizen - Schlanser Magazin","isPartOf":{"@id":"https:\/\/www.schlanser.ch\/magazin\/#website"},"primaryImageOfPage":{"@id":"https:\/\/www.schlanser.ch\/magazin\/wohnwagen-und-vorzelt-heizen\/#primaryimage"},"image":{"@id":"https:\/\/www.schlanser.ch\/magazin\/wohnwagen-und-vorzelt-heizen\/#primaryimage"},"thumbnailUrl":"https:\/\/www.schlanser.ch\/magazin\/wp-content\/uploads\/2016\/12\/Wohnwagen-und-Vorzelt-heizen.jpg","datePublished":"2016-12-29T08:34:31+00:00","dateModified":"2024-01-10T13:40:32+00:00","author":{"@id":"https:\/\/www.schlanser.ch\/magazin\/#\/schema\/person\/000db0a103eb2594ba3daf394b1dfea2"},"description":"Kalte Tage sind f\u00fcr gut ausger\u00fcstete Camper kein Problem! \u2013 Das Schlanser Campingmagazin zeigt Ihnen Heizl\u00f6sungen f\u00fcr Zelte und Caravans!","breadcrumb":{"@id":"https:\/\/www.schlanser.ch\/magazin\/wohnwagen-und-vorzelt-heizen\/#breadcrumb"},"inLanguage":"de-DE","potentialAction":[{"@type":"ReadAction","target":["https:\/\/www.schlanser.ch\/magazin\/wohnwagen-und-vorzelt-heizen\/"]}]},{"@type":"ImageObject","inLanguage":"de-DE","@id":"https:\/\/www.schlanser.ch\/magazin\/wohnwagen-und-vorzelt-heizen\/#primaryimage","url":"https:\/\/www.schlanser.ch\/magazin\/wp-content\/uploads\/2016\/12\/Wohnwagen-und-Vorzelt-heizen.jpg","contentUrl":"https:\/\/www.schlanser.ch\/magazin\/wp-content\/uploads\/2016\/12\/Wohnwagen-und-Vorzelt-heizen.jpg","width":800,"height":533,"caption":"\u00a9 Lars Johansson \/ Fotolia.com"},{"@type":"BreadcrumbList","@id":"https:\/\/www.schlanser.ch\/magazin\/wohnwagen-und-vorzelt-heizen\/#breadcrumb","itemListElement":[{"@type":"ListItem","position":1,"name":"Startseite","item":"https:\/\/www.schlanser.ch\/magazin\/"},{"@type":"ListItem","position":2,"name":"Wohnwagen und Vorzelt heizen"}]},{"@type":"WebSite","@id":"https:\/\/www.schlanser.ch\/magazin\/#website","url":"https:\/\/www.schlanser.ch\/magazin\/","name":"Schlanser Magazin","description":"","potentialAction":[{"@type":"SearchAction","target":{"@type":"EntryPoint","urlTemplate":"https:\/\/www.schlanser.ch\/magazin\/?s={search_term_string}"},"query-input":"required name=search_term_string"}],"inLanguage":"de-DE"},{"@type":"Person","@id":"https:\/\/www.schlanser.ch\/magazin\/#\/schema\/person\/000db0a103eb2594ba3daf394b1dfea2","name":"admin","image":{"@type":"ImageObject","inLanguage":"de-DE","@id":"https:\/\/www.schlanser.ch\/magazin\/#\/schema\/person\/image\/","url":"https:\/\/secure.gravatar.com\/avatar\/a794a4fe8a9b9c52241597eb381dfa2e?s=96&d=mm&r=g","contentUrl":"https:\/\/secure.gravatar.com\/avatar\/a794a4fe8a9b9c52241597eb381dfa2e?s=96&d=mm&r=g","caption":"admin"}}]}},"_links":{"self":[{"href":"https:\/\/www.schlanser.ch\/magazin\/wp-json\/wp\/v2\/posts\/942"}],"collection":[{"href":"https:\/\/www.schlanser.ch\/magazin\/wp-json\/wp\/v2\/posts"}],"about":[{"href":"https:\/\/www.schlanser.ch\/magazin\/wp-json\/wp\/v2\/types\/post"}],"author":[{"embeddable":true,"href":"https:\/\/www.schlanser.ch\/magazin\/wp-json\/wp\/v2\/users\/1"}],"replies":[{"embeddable":true,"href":"https:\/\/www.schlanser.ch\/magazin\/wp-json\/wp\/v2\/comments?post=942"}],"version-history":[{"count":56,"href":"https:\/\/www.schlanser.ch\/magazin\/wp-json\/wp\/v2\/posts\/942\/revisions"}],"predecessor-version":[{"id":16727,"href":"https:\/\/www.schlanser.ch\/magazin\/wp-json\/wp\/v2\/posts\/942\/revisions\/16727"}],"wp:featuredmedia":[{"embeddable":true,"href":"https:\/\/www.schlanser.ch\/magazin\/wp-json\/wp\/v2\/media\/970"}],"wp:attachment":[{"href":"https:\/\/www.schlanser.ch\/magazin\/wp-json\/wp\/v2\/media?parent=942"}],"wp:term":[{"taxonomy":"category","embeddable":true,"href":"https:\/\/www.schlanser.ch\/magazin\/wp-json\/wp\/v2\/categories?post=942"},{"taxonomy":"post_tag","embeddable":true,"href":"https:\/\/www.schlanser.ch\/magazin\/wp-json\/wp\/v2\/tags?post=942"}],"curies":[{"name":"wp","href":"https:\/\/api.w.org\/{rel}","templated":true}]}}