{"id":9533,"date":"2020-05-14T14:47:15","date_gmt":"2020-05-14T12:47:15","guid":{"rendered":"https:\/\/www.schlanser.ch\/magazin\/?p=9533"},"modified":"2024-01-10T15:54:53","modified_gmt":"2024-01-10T14:54:53","slug":"atmungsaktive-markisenaufsaetze","status":"publish","type":"post","link":"https:\/\/www.schlanser.ch\/magazin\/atmungsaktive-markisenaufsaetze\/","title":{"rendered":"Atmungsaktive Markisenaufs\u00e4tze spenden Schatten und lassen Luft durch"},"content":{"rendered":"<p style=\"text-align: justify;\"><b><span data-contrast=\"auto\">Ein sonniger Tag erfreut das Camper-Herz. Wer seinen Urlaub am liebsten auf dem Campingplatz verbringt, ist auf gutes Wetter angewiesen, verregnete Tage sind f\u00fcr die meisten Camper ein Graus. Doch auch die Sonne kann schnell zu viel werden. Wenn sie nur so vom Himmel scheint, muss schnell ein <\/span><\/b><a href=\"https:\/\/www.schlanser.ch\/outdoor-freizeit\/wind-sonnenschutz\/\"><b><span data-contrast=\"none\">Schattenspender<\/span><\/b><\/a><b><span data-contrast=\"auto\">\u00a0her. Daf\u00fcr sorgen\u00a0<\/span><\/b><a href=\"https:\/\/www.schlanser.ch\/zelte\/vorzelte\/markisenzubehoer\/\"><b><span data-contrast=\"none\">atmungsaktive Markisenaufs\u00e4tze<\/span><\/b><\/a><b><span data-contrast=\"auto\">.<\/span><\/b><\/p>\n<h2><span data-contrast=\"auto\">Markisen als Sonnen- und Regenschutz<\/span><\/h2>\n<p style=\"text-align: justify;\"><span data-contrast=\"auto\">Wer sich einmal auf einem Stellplatz f\u00fcr Wohnwagen umsieht, wird einige Fahrzeuge beobachten, die \u00fcber Markisenaufs\u00e4tze verf\u00fcgen. Diese z\u00e4hlen zu den h\u00e4ufigsten Sonnenschutzvarianten, ein Vorzug liegt klar in dem schnellen Auf- und Abbau. Entweder wird die \u00dcberdachung in die\u00a0<\/span><span data-contrast=\"auto\">Kederschiene<\/span><span data-contrast=\"auto\"> eingef\u00fchrt oder mit ein paar Seilen abgespannt.<\/span><\/p>\n<p><img loading=\"lazy\" decoding=\"async\" class=\"aligncenter wp-image-9547 size-full\" title=\"Berger Sonnenvordach Vario | 500 x 240 cm | inkl. 3 Aufstellst\u00e4be | kann variabel positioniert werden\" src=\"https:\/\/www.schlanser.ch\/magazin\/wp-content\/uploads\/2020\/06\/berger-sonnenvordach-vario-500x240-1.jpg\" alt=\"berger-sonnenvordach-vario-500x240\" width=\"600\" height=\"375\" srcset=\"https:\/\/www.schlanser.ch\/magazin\/wp-content\/uploads\/2020\/06\/berger-sonnenvordach-vario-500x240-1.jpg 600w, https:\/\/www.schlanser.ch\/magazin\/wp-content\/uploads\/2020\/06\/berger-sonnenvordach-vario-500x240-1-300x188.jpg 300w\" sizes=\"(max-width: 600px) 100vw, 600px\" \/><\/p>\n<p style=\"text-align: justify;\"><span data-contrast=\"auto\">Wie auch bei einem Pavillon k\u00f6nnen zu dem Sonnendach zus\u00e4tzliche Seitenteile erworben und so ein <\/span><a href=\"https:\/\/www.schlanser.ch\/zelte\/vorzelte\/\"><span data-contrast=\"none\">Vorzelt<\/span><\/a><span data-contrast=\"auto\">\u00a0erschaffen werden. So k\u00f6nnen Sie den Wohnraum zus\u00e4tzlich erweitern und dort zum Beispiel\u00a0<\/span><a href=\"https:\/\/www.schlanser.ch\/moebel\/\"><span data-contrast=\"none\">Campingm\u00f6bel<\/span><\/a><span data-contrast=\"auto\"> oder Fahrr\u00e4der gesch\u00fctzt unterstellen.<\/span><\/p>\n<p style=\"text-align: justify;\"><span data-contrast=\"auto\">Allerdings sollte bedacht werden, dass ein derartiger Vorbau kein herk\u00f6mmliches Vorzelt ersetzt. Das betrifft vor allem die Wasserdichte und die Robustheit. Zum Schlafen w\u00fcrde sich diese Konstruktion also weniger eignen. Unterschieden wird in zwei Arten von\u00a0<\/span><a href=\"https:\/\/www.schlanser.ch\/zelte\/vorzelte\/markisen-sonnensegel\/\"><span data-contrast=\"none\">Markisen<\/span><\/a><span data-contrast=\"auto\"> f\u00fcr das Wohnmobil: in die Kurbel- und in die Sackmarkise.<\/span><\/p>\n<h2><span data-contrast=\"auto\">Die Sackmarkise<\/span><\/h2>\n<p style=\"text-align: justify;\"><span data-contrast=\"auto\">Eine Sackmarkise wird\u00a0<\/span><span data-contrast=\"auto\">einfach nur<\/span><span data-contrast=\"auto\">\u00a0durch die\u00a0<\/span><span data-contrast=\"auto\">Kederleiste<\/span><span data-contrast=\"auto\">\u00a0gezogen. Das ist\u00a0<\/span><span data-contrast=\"auto\">nat\u00fcrlich ein<\/span><span data-contrast=\"auto\">\u00a0<\/span><span data-contrast=\"auto\">grosser<\/span><span data-contrast=\"auto\"> Vorteil, da es zum Anbringen keine handwerklichen F\u00e4higkeiten ben\u00f6tigt. Zudem ist sie leicht, daf\u00fcr aber nicht so stabil, wie eine Kurbelmarkise.<\/span><\/p>\n<p><img loading=\"lazy\" decoding=\"async\" class=\"aligncenter wp-image-9542 size-full\" title=\"Thule Omnistor 1200 | extrem benutzerfreundliche Sackmarkise\" src=\"https:\/\/www.schlanser.ch\/magazin\/wp-content\/uploads\/2020\/06\/Thule-Omnistor-1200-Sackmarkise.jpg\" alt=\"Thule Omnistor 1200 Sackmarkise atmungsaktive-markisenaufsaetze\" width=\"600\" height=\"600\" srcset=\"https:\/\/www.schlanser.ch\/magazin\/wp-content\/uploads\/2020\/06\/Thule-Omnistor-1200-Sackmarkise.jpg 600w, https:\/\/www.schlanser.ch\/magazin\/wp-content\/uploads\/2020\/06\/Thule-Omnistor-1200-Sackmarkise-300x300.jpg 300w, https:\/\/www.schlanser.ch\/magazin\/wp-content\/uploads\/2020\/06\/Thule-Omnistor-1200-Sackmarkise-150x150.jpg 150w\" sizes=\"(max-width: 600px) 100vw, 600px\" \/><\/p>\n<h2><span data-contrast=\"auto\">Die Kurbelmarkise<\/span><\/h2>\n<p style=\"text-align: justify;\"><span data-contrast=\"auto\">Eine Kurbelmarkise muss meist angeschraubt werden. Hier ben\u00f6tigt es etwas handwerkliches Geschick beziehungsweise die F\u00e4higkeit, mit einer Bohrmaschine umzugehen. Der Vorteil ist, dass die Kurbelmarkise rasch eingerollt ist, sollte zum Beispiel ein pl\u00f6tzliches Unwetter auftreten. Nachteilig ist ihr hohes Gewicht, sie wiegt fast zehnmal so viel wie eine Sackmarkise.<\/span><\/p>\n<p><a href=\"https:\/\/www.schlanser.ch\/zelte\/vorzelte\/markisenzubehoer\/46987\/fiamma-blocker-vorderwand-300\"><img loading=\"lazy\" decoding=\"async\" class=\"aligncenter wp-image-9544 size-full\" title=\"Fiamma Blocker Vorderwand | passend f\u00fcr alle Kurbelmarkisen mit Kederschiene in der Frontleiste\" src=\"https:\/\/www.schlanser.ch\/magazin\/wp-content\/uploads\/2020\/06\/fiamma-blocker-vorderwand-kurbelmarkise.jpg\" alt=\"fiamma-blocker-vorderwand-kurbelmarkise-atmungsaktive-markisenaufsaetze\" width=\"600\" height=\"375\" srcset=\"https:\/\/www.schlanser.ch\/magazin\/wp-content\/uploads\/2020\/06\/fiamma-blocker-vorderwand-kurbelmarkise.jpg 600w, https:\/\/www.schlanser.ch\/magazin\/wp-content\/uploads\/2020\/06\/fiamma-blocker-vorderwand-kurbelmarkise-300x188.jpg 300w\" sizes=\"(max-width: 600px) 100vw, 600px\" \/><\/a><\/p>\n<h2><span data-contrast=\"auto\">Die Vorteile einer Markisen\u00fcberdachung<\/span><\/h2>\n<p style=\"text-align: justify;\"><span data-contrast=\"auto\">Eine Markise ist im Handumdrehen auf- und wieder abgebaut. Wenn\u00a0<\/span><span data-contrast=\"auto\">s<\/span><span data-contrast=\"auto\">ie nicht ben\u00f6tigt<\/span><span data-contrast=\"auto\">\u00a0wird<\/span><span data-contrast=\"auto\">, muss sie nicht irgendwo unter<\/span><span data-contrast=\"auto\">gestellt werden<\/span><span data-contrast=\"auto\">, sie bleibt einfach am Fahrzeug und wird eingefahren. Auch die problemlose Erweiterung mit Seitenteilen, zum Beispiel als Vorzelt ist ein klarer Vorteil.\u00a0<\/span><span data-contrast=\"auto\">Ausserdem<\/span><span data-contrast=\"auto\"> spenden sie zuverl\u00e4ssig Schatten.<\/span><\/p>\n<p style=\"text-align: justify;\"><span data-contrast=\"auto\">Nachteile bringen die Schattenspender nur wenige mit. Es ist darauf zu achten, dass sie etwas windanf\u00e4lliger als richtige Vorzelte sind. Zudem bieten sie nicht immer hundertprozentigen Schutz vor starkem Regen. Nicht zu vergessen ist auch, dass sie eine\u00a0<\/span><span data-contrast=\"auto\">Fahrzeugseite mit zus\u00e4tzlichem Gewicht beladen. Das ist nicht\u00a0<\/span><span data-contrast=\"auto\">wirklich ein<\/span><span data-contrast=\"auto\"> Nachteil, sollte aber mit bedacht werden. Doch alles in allem ist diese Art des Sonnenschutzes effektiv und langlebig.<\/span><\/p>\n<h2><span data-contrast=\"auto\">F\u00fcr wen sind die Markisenaufs\u00e4tze geeignet?<\/span><\/h2>\n<p style=\"text-align: justify;\"><span data-contrast=\"auto\">Wenn Sie gern mobil im Urlaub sind und h\u00e4ufiger die Standorte wechseln, sollten Sie auf Markisenaufs\u00e4tze zur\u00fcckgreifen. Mit diesen sind Sie flexibel und k\u00f6nnen sie jederzeit aus- und wieder einfahren.\u00a0<\/span><span data-contrast=\"auto\">Ausserdem<\/span><span data-contrast=\"auto\"> k\u00f6nnen Sie den Schattenspender flexibel nutzen, auch auf den Komfort eines Vorzelts m\u00fcssen Sie nicht verzichten, wenn auch nicht im vollen Umfang.<\/span><\/p>\n<p><img loading=\"lazy\" decoding=\"async\" class=\"aligncenter wp-image-9554 size-full\" title=\"Fiamma Sun View XL 100 Markisenaufsatz Vorderwand | atmungsaktiv\" src=\"https:\/\/www.schlanser.ch\/magazin\/wp-content\/uploads\/2020\/06\/fiamma-sun-view-xl-100-markisenaufsatz-vorderwand.jpg\" alt=\"fiamma-sun-view-xl-100-markisenaufsatz-vorderwand-atmungsaktive-markisenaufsaetze\" width=\"600\" height=\"491\" srcset=\"https:\/\/www.schlanser.ch\/magazin\/wp-content\/uploads\/2020\/06\/fiamma-sun-view-xl-100-markisenaufsatz-vorderwand.jpg 600w, https:\/\/www.schlanser.ch\/magazin\/wp-content\/uploads\/2020\/06\/fiamma-sun-view-xl-100-markisenaufsatz-vorderwand-300x246.jpg 300w\" sizes=\"(max-width: 600px) 100vw, 600px\" \/><\/p>\n<p style=\"text-align: justify;\"><span data-contrast=\"auto\">Soll es unterwegs mal eine kurze Pause geben, k\u00f6nnen Sie einfach rechts ranfahren, die Markise ausfahren und sich kurz in den Schatten setzen. Danach wird die Markise wieder eingefahren und weiter geht es. Wenn Sie Ihren Urlaub eher auf l\u00e4ngere station\u00e4re Aufenthalte ausrichten, k\u00f6nnen Sie auch auf ein Vorzelt setzen.<\/span><\/p>\n<h2><span data-contrast=\"auto\">Darauf sollten Sie beim Kauf achten<\/span><\/h2>\n<p style=\"text-align: justify;\"><span data-contrast=\"auto\">Wichtig ist zun\u00e4chst die passende Markisenl\u00e4nge. Diese richtet sich nach der L\u00e4nge Ihres Fahrzeugs. W\u00e4hlen Sie die L\u00e4nge am besten so, dass der Umfang Ihres Wohnmobils effektiv genutzt wird. So gewinnen Sie den\u00a0<\/span><span data-contrast=\"auto\">gr\u00f6sstm\u00f6glichen<\/span><span data-contrast=\"auto\">\u00a0Raum. Achten Sie zudem darauf, dass ausreichend Platz an der Fahrzeugwand oder auch auf dem Dach des Fahrzeugs ist. Das\u00a0<\/span><span data-contrast=\"auto\">heisst<\/span><span data-contrast=\"auto\">, die \u00dcberdachung sollte nicht \u00fcber das Dach oder die Wand des Wohnmobils hinausragen. <\/span><span data-contrast=\"auto\">Der Markisenstoff ist in ein Geh\u00e4use eingespannt. Dieses unterscheidet sich eigentlich nur in seiner Farbe. Wenn Sie es einheitlich, beziehungsweise unauff\u00e4llig m\u00f6gen, sollte das Geh\u00e4use zur Farbe Ihres Fahrzeugs passen. In der Regel ist dieses in den Farben S<\/span><span data-contrast=\"auto\">chwarz<\/span><span data-contrast=\"auto\">, W<\/span><span data-contrast=\"auto\">eiss<\/span><span data-contrast=\"auto\"> oder S<\/span><span data-contrast=\"auto\">ilber<\/span><span data-contrast=\"auto\"> erh\u00e4ltlich.<\/span><\/p>\n<p style=\"text-align: justify;\"><span data-contrast=\"auto\">Das Tuch, also der Markisenstoff, sollte ein paar wichtige Eigenschaften mit sich bringen.<\/span><\/p>\n<p style=\"text-align: justify;\"><span data-contrast=\"auto\">Dazu geh\u00f6ren folgende:<\/span><\/p>\n<ul>\n<li data-leveltext=\"-\" data-font=\"Calibri\" data-listid=\"2\" aria-setsize=\"-1\" data-aria-posinset=\"0\" data-aria-level=\"1\"><span data-contrast=\"auto\">wasserdicht,<\/span><\/li>\n<li data-leveltext=\"-\" data-font=\"Calibri\" data-listid=\"2\" aria-setsize=\"-1\" data-aria-posinset=\"0\" data-aria-level=\"1\"><span data-contrast=\"auto\">UV-best\u00e4ndig,<\/span><\/li>\n<li data-leveltext=\"-\" data-font=\"Calibri\" data-listid=\"2\" aria-setsize=\"-1\" data-aria-posinset=\"0\" data-aria-level=\"1\"><span data-contrast=\"auto\">lichtresistent,<\/span><\/li>\n<li data-leveltext=\"-\" data-font=\"Calibri\" data-listid=\"2\" aria-setsize=\"-1\" data-aria-posinset=\"0\" data-aria-level=\"1\"><span data-contrast=\"auto\">schmutz- und schimmelabweisend,<\/span><\/li>\n<li data-leveltext=\"-\" data-font=\"Calibri\" data-listid=\"2\" aria-setsize=\"-1\" data-aria-posinset=\"0\" data-aria-level=\"1\"><span data-contrast=\"auto\">abwaschbar,<\/span><\/li>\n<li data-leveltext=\"-\" data-font=\"Calibri\" data-listid=\"2\" aria-setsize=\"-1\" data-aria-posinset=\"0\" data-aria-level=\"1\"><span data-contrast=\"auto\">feuerhemmend und<\/span><\/li>\n<li data-leveltext=\"-\" data-font=\"Calibri\" data-listid=\"2\" aria-setsize=\"-1\" data-aria-posinset=\"0\" data-aria-level=\"1\"><span data-contrast=\"auto\">robust.<\/span><\/li>\n<\/ul>\n<p style=\"text-align: justify;\"><span data-contrast=\"auto\">Wenn die Markisenaufs\u00e4tze um Seitenw\u00e4nde erweitert werden, sollten Sie darauf achten, dass diese aus atmungsaktivem Acrylstoff oder Polyester bestehen. Das ist wichtig f\u00fcr ein gutes Raumklima. Bei den Markisend\u00e4chern liegt meist der Fokus auf einer wasserdichten Bedachung, deshalb bestehen diese aus hermeneutisch dichtem PVC-Gewebe. Die Seitenw\u00e4nde sollten also nicht luftdicht sein &#8211; die Kombination aus einem dichten Dach und luftdurchl\u00e4ssigen W\u00e4nden hat sich bew\u00e4hrt. Nat\u00fcrlich muss auch die Optik, sprich die Farbe und das Muster des Markisenaufsatzes stimmen. Hier l\u00e4sst sich f\u00fcr jeden Geschmack das Passende finden.<\/span><\/p>\n<blockquote>\n<p style=\"text-align: justify;\"><span data-contrast=\"auto\">Es gibt die unterschiedlichsten Muster und auch Farben. Besonders beliebt sind die Farben G<\/span><span data-contrast=\"auto\">rau, Blau oder Gelb und ein gestreiftes Muster.<\/span><\/p>\n<\/blockquote>\n<h2><span data-contrast=\"auto\">Markisenaufs\u00e4tze<\/span><span data-contrast=\"auto\">\u00a0<\/span><span data-contrast=\"auto\">richtig<\/span><span data-contrast=\"auto\">\u00a0<\/span><span data-contrast=\"auto\">reinigen<\/span><\/h2>\n<p style=\"text-align: justify;\"><span data-contrast=\"auto\">Wenn der Schattenspender eine gewisse Zeit im Einsatz war, kann es zu leichten Verschmutzungen kommen, die am besten gleich entfernt werden, bevor sich der Schmutz festsetzt. Entfernen Sie zun\u00e4chst alle \u00c4stchen und Bl\u00e4tter von der Markisenfl\u00e4che, da es sonst beim Einrollen zu L\u00f6chern und Verf\u00e4rbungen kommen kann. F\u00fcr die\u00a0<\/span><span data-contrast=\"auto\">regelm\u00e4ssige<\/span><span data-contrast=\"auto\">\u00a0S\u00e4uberung gen\u00fcgt das. Zum Saisonende steht\u00a0<\/span><span data-contrast=\"auto\">dann eine gr\u00fcndlichere Reinigung an, damit zum Beispiel auch der Bl\u00fctenstaub entfernt wird. Dazu mischen Sie sich am besten etwas Seifenlauge an, damit k\u00f6nnen Sie sowohl den Stoff als auch das Geh\u00e4use reinigen.<\/span><\/p>\n<p><img loading=\"lazy\" decoding=\"async\" class=\"aligncenter wp-image-9559 size-full\" title=\"Berger Zeltdach und Planen Reiniger | f\u00fcr beschichtetes Gewebe | schonende Reinigung\" src=\"https:\/\/www.schlanser.ch\/magazin\/wp-content\/uploads\/2020\/06\/berger-zeltdach-und-planen-reiniger-1-l.jpg\" alt=\"berger-zeltdach-und-planen-reiniger-1-l\" width=\"400\" height=\"400\" srcset=\"https:\/\/www.schlanser.ch\/magazin\/wp-content\/uploads\/2020\/06\/berger-zeltdach-und-planen-reiniger-1-l.jpg 400w, https:\/\/www.schlanser.ch\/magazin\/wp-content\/uploads\/2020\/06\/berger-zeltdach-und-planen-reiniger-1-l-300x300.jpg 300w, https:\/\/www.schlanser.ch\/magazin\/wp-content\/uploads\/2020\/06\/berger-zeltdach-und-planen-reiniger-1-l-150x150.jpg 150w\" sizes=\"(max-width: 400px) 100vw, 400px\" \/><\/p>\n<p style=\"text-align: justify;\"><span data-contrast=\"auto\">Achten Sie darauf, dass Sie keine kratzenden Schw\u00e4mme verwenden, damit Sie das Markisentuch nicht besch\u00e4digen. Zur Grundreinigung geh\u00f6rt es auch, die beweglichen Teile, also die Gelenke, mit etwas \u00d6l (zum Beispiel Silikon\u00f6l) einzureiben, damit diese weiterhin einwandfrei funktionieren. Sollte der Fall eintreten, dass sich das Tuch <\/span><span data-contrast=\"auto\">ungleichm\u00e4ssig<\/span><span data-contrast=\"auto\"> dehnt, sollten Sie einen Fachh\u00e4ndler aufsuchen, der die Markisenaufs\u00e4tze nachjustiert.<\/span><\/p>\n<h2><span data-contrast=\"auto\">Markisenzubeh\u00f6r<\/span><\/h2>\n<p style=\"text-align: justify;\"><span data-contrast=\"auto\">Bei einem Markisenaufsatz handelt es sich erst einmal nur um eine \u00dcberdachung, die nach Belieben ein- und ausgerollt werden kann. Ein typisches Markisenzubeh\u00f6r ist eine Markisen-Vorderwand und eine Markisen-Seitenwand. Damit wird aus dem Schutzdach ein Rundumschutz.<\/span><\/p>\n<p><img loading=\"lazy\" decoding=\"async\" class=\"aligncenter wp-image-9562 size-full\" title=\"Sturm Abspannset f\u00fcr Omnistor Markisen | stabile Sicherung | einfaches Abspannen\" src=\"https:\/\/www.schlanser.ch\/magazin\/wp-content\/uploads\/2020\/06\/sturm-abspannset-fuer-omnistor-markisen.jpg\" alt=\"sturm-abspannset-fuer-omnistor-markisen\" width=\"600\" height=\"375\" srcset=\"https:\/\/www.schlanser.ch\/magazin\/wp-content\/uploads\/2020\/06\/sturm-abspannset-fuer-omnistor-markisen.jpg 600w, https:\/\/www.schlanser.ch\/magazin\/wp-content\/uploads\/2020\/06\/sturm-abspannset-fuer-omnistor-markisen-300x188.jpg 300w\" sizes=\"(max-width: 600px) 100vw, 600px\" \/><\/p>\n<p style=\"text-align: justify;\"><span data-contrast=\"auto\">Diese k\u00f6nnen Sie separat erstehen und damit zus\u00e4tzlichen Sonnen- und Windschutz und auch Privatsph\u00e4re schaffen. Auch eine extra Sturmsicherung oder einen Markisenadapter k\u00f6nnen Sie sich dazu kaufen. Wer gern etwas Beleuchtung f\u00fcr abends h\u00e4tte, kann sich die passende Lichterkette oder LED-Streifen f\u00fcr den Markisenaufsatz anschaffen.<\/span><\/p>\n<h2><span data-contrast=\"auto\">Markisenaufs\u00e4tze sind eine gute Variante, um ein Sonnendach am Wohnmobil zu\u00a0<\/span><span data-contrast=\"auto\">installieren<\/span><\/h2>\n<p style=\"text-align: justify;\"><span data-contrast=\"auto\">Bevor Sie sich f\u00fcr eine Wohnwagenmarkise entscheiden, sollten Sie Ihr Gef\u00e4hrt allerdings genau kennen, damit am Ende auch alles passt. Im Zweifelsfall k\u00f6nnen Sie sich immer von einem Fachh\u00e4ndler beraten lassen.\u00a0<\/span><span data-contrast=\"auto\">Ausserdem<\/span><span data-contrast=\"auto\"> sollten Sie entscheiden, ob Sie nur eine \u00dcberdachung ben\u00f6tigen oder ein Markisenzelt. Zus\u00e4tzliches Markisenzubeh\u00f6r kann aber auch jederzeit nachtr\u00e4glich angeschafft werden.<\/span><\/p>\n<p><img loading=\"lazy\" decoding=\"async\" class=\"aligncenter wp-image-9556 size-full\" title=\"Fiamma Sun View CS XL Markisenaufsatz Seitenwand | atmungsaktiv\" src=\"https:\/\/www.schlanser.ch\/magazin\/wp-content\/uploads\/2020\/06\/fiamma-sun-view-cs-xl-markisenaufsatz-seitenwand.jpg\" alt=\"fiamma-sun-view-cs-xl-markisenaufsatz-seitenwand-atmungsaktive-markisenaufsaetze\" width=\"600\" height=\"375\" srcset=\"https:\/\/www.schlanser.ch\/magazin\/wp-content\/uploads\/2020\/06\/fiamma-sun-view-cs-xl-markisenaufsatz-seitenwand.jpg 600w, https:\/\/www.schlanser.ch\/magazin\/wp-content\/uploads\/2020\/06\/fiamma-sun-view-cs-xl-markisenaufsatz-seitenwand-300x188.jpg 300w\" sizes=\"(max-width: 600px) 100vw, 600px\" \/><\/p>\n<p style=\"text-align: justify;\"><span data-contrast=\"auto\">Das w\u00e4ren dann zum Beispiel eine Markisen-Vorderwand und eine Markisen-Seitenwand. Damit k\u00f6nnen Sie die Wohnfl\u00e4che erweitern, zum Beispiel um Dinge unterzustellen oder den gewonnenen Raum als &#8222;Esszimmer&#8220; nutzen. Markisenaufs\u00e4tze lohnen sich vor allem f\u00fcr Camper, die \u00f6fters mal ihren Standort wechseln m\u00f6chten. Ist der Markisenschutz einmal angebracht, befindet er sich an Ort und Stelle und muss nicht mehr abmontiert werden.<\/span><\/p>\n","protected":false},"excerpt":{"rendered":"<p>Ein sonniger Tag erfreut das Camper-Herz. Wer seinen Urlaub am liebsten auf dem Campingplatz verbringt, ist auf gutes Wetter angewiesen, verregnete Tage sind f\u00fcr die meisten Camper ein Graus. Doch auch die Sonne kann schnell zu viel werden. Wenn sie nur so vom Himmel scheint, muss schnell ein Schattenspender\u00a0her. Daf\u00fcr sorgen\u00a0atmungsaktive Markisenaufs\u00e4tze. Markisen als Sonnen- &hellip;<\/p>\n","protected":false},"author":1,"featured_media":9539,"comment_status":"closed","ping_status":"open","sticky":false,"template":"","format":"standard","meta":{"footnotes":""},"categories":[3],"tags":[1275,42,1276,31,1278,1274,1277,998,1209,385,934,1280,925,225,1279,296],"yoast_head":"<!-- This site is optimized with the Yoast SEO plugin v22.2 - https:\/\/yoast.com\/wordpress\/plugins\/seo\/ -->\n<title>Atmungsaktive Markisenaufs\u00e4tze spenden Schatten und lassen Luft durch - Schlanser Magazin<\/title>\n<meta name=\"description\" content=\"Das\u00a0Schlanser\u00a0Magazin\u00a0entdeckt die M\u00f6glichkeiten von Markisenaufs\u00e4tzen \u2714\u00a0die vor Wind und Sonne sch\u00fctzen,\u00a0ohne Ihnen die Luft zu nehmen!\" \/>\n<meta name=\"robots\" content=\"index, follow, max-snippet:-1, max-image-preview:large, max-video-preview:-1\" \/>\n<link rel=\"canonical\" href=\"https:\/\/www.schlanser.ch\/magazin\/atmungsaktive-markisenaufsaetze\/\" \/>\n<meta property=\"og:locale\" content=\"de_DE\" \/>\n<meta property=\"og:type\" content=\"article\" \/>\n<meta property=\"og:title\" content=\"Atmungsaktive Markisenaufs\u00e4tze spenden Schatten und lassen Luft durch - Schlanser Magazin\" \/>\n<meta property=\"og:description\" content=\"Das\u00a0Schlanser\u00a0Magazin\u00a0entdeckt die M\u00f6glichkeiten von Markisenaufs\u00e4tzen \u2714\u00a0die vor Wind und Sonne sch\u00fctzen,\u00a0ohne Ihnen die Luft zu nehmen!\" \/>\n<meta property=\"og:url\" content=\"https:\/\/www.schlanser.ch\/magazin\/atmungsaktive-markisenaufsaetze\/\" \/>\n<meta property=\"og:site_name\" content=\"Schlanser Magazin\" \/>\n<meta property=\"article:published_time\" content=\"2020-05-14T12:47:15+00:00\" \/>\n<meta property=\"article:modified_time\" content=\"2024-01-10T14:54:53+00:00\" \/>\n<meta property=\"og:image\" content=\"https:\/\/www.schlanser.ch\/magazin\/wp-content\/uploads\/2020\/06\/atmungsaktive-markisenaufsaetze.jpg\" \/>\n\t<meta property=\"og:image:width\" content=\"800\" \/>\n\t<meta property=\"og:image:height\" content=\"500\" \/>\n\t<meta property=\"og:image:type\" content=\"image\/jpeg\" \/>\n<meta name=\"author\" content=\"admin\" \/>\n<meta name=\"twitter:card\" content=\"summary_large_image\" \/>\n<meta name=\"twitter:label1\" content=\"Verfasst von\" \/>\n\t<meta name=\"twitter:data1\" content=\"admin\" \/>\n\t<meta name=\"twitter:label2\" content=\"Gesch\u00e4tzte Lesezeit\" \/>\n\t<meta name=\"twitter:data2\" content=\"8 Minuten\" \/>\n<script type=\"application\/ld+json\" class=\"yoast-schema-graph\">{\"@context\":\"https:\/\/schema.org\",\"@graph\":[{\"@type\":\"WebPage\",\"@id\":\"https:\/\/www.schlanser.ch\/magazin\/atmungsaktive-markisenaufsaetze\/\",\"url\":\"https:\/\/www.schlanser.ch\/magazin\/atmungsaktive-markisenaufsaetze\/\",\"name\":\"Atmungsaktive Markisenaufs\u00e4tze spenden Schatten und lassen Luft durch - Schlanser Magazin\",\"isPartOf\":{\"@id\":\"https:\/\/www.schlanser.ch\/magazin\/#website\"},\"primaryImageOfPage\":{\"@id\":\"https:\/\/www.schlanser.ch\/magazin\/atmungsaktive-markisenaufsaetze\/#primaryimage\"},\"image\":{\"@id\":\"https:\/\/www.schlanser.ch\/magazin\/atmungsaktive-markisenaufsaetze\/#primaryimage\"},\"thumbnailUrl\":\"https:\/\/www.schlanser.ch\/magazin\/wp-content\/uploads\/2020\/06\/atmungsaktive-markisenaufsaetze.jpg\",\"datePublished\":\"2020-05-14T12:47:15+00:00\",\"dateModified\":\"2024-01-10T14:54:53+00:00\",\"author\":{\"@id\":\"https:\/\/www.schlanser.ch\/magazin\/#\/schema\/person\/000db0a103eb2594ba3daf394b1dfea2\"},\"description\":\"Das\u00a0Schlanser\u00a0Magazin\u00a0entdeckt die M\u00f6glichkeiten von Markisenaufs\u00e4tzen \u2714\u00a0die vor Wind und Sonne sch\u00fctzen,\u00a0ohne Ihnen die Luft zu nehmen!\",\"breadcrumb\":{\"@id\":\"https:\/\/www.schlanser.ch\/magazin\/atmungsaktive-markisenaufsaetze\/#breadcrumb\"},\"inLanguage\":\"de-DE\",\"potentialAction\":[{\"@type\":\"ReadAction\",\"target\":[\"https:\/\/www.schlanser.ch\/magazin\/atmungsaktive-markisenaufsaetze\/\"]}]},{\"@type\":\"ImageObject\",\"inLanguage\":\"de-DE\",\"@id\":\"https:\/\/www.schlanser.ch\/magazin\/atmungsaktive-markisenaufsaetze\/#primaryimage\",\"url\":\"https:\/\/www.schlanser.ch\/magazin\/wp-content\/uploads\/2020\/06\/atmungsaktive-markisenaufsaetze.jpg\",\"contentUrl\":\"https:\/\/www.schlanser.ch\/magazin\/wp-content\/uploads\/2020\/06\/atmungsaktive-markisenaufsaetze.jpg\",\"width\":800,\"height\":500},{\"@type\":\"BreadcrumbList\",\"@id\":\"https:\/\/www.schlanser.ch\/magazin\/atmungsaktive-markisenaufsaetze\/#breadcrumb\",\"itemListElement\":[{\"@type\":\"ListItem\",\"position\":1,\"name\":\"Startseite\",\"item\":\"https:\/\/www.schlanser.ch\/magazin\/\"},{\"@type\":\"ListItem\",\"position\":2,\"name\":\"Atmungsaktive Markisenaufs\u00e4tze spenden Schatten und lassen Luft durch\"}]},{\"@type\":\"WebSite\",\"@id\":\"https:\/\/www.schlanser.ch\/magazin\/#website\",\"url\":\"https:\/\/www.schlanser.ch\/magazin\/\",\"name\":\"Schlanser Magazin\",\"description\":\"\",\"potentialAction\":[{\"@type\":\"SearchAction\",\"target\":{\"@type\":\"EntryPoint\",\"urlTemplate\":\"https:\/\/www.schlanser.ch\/magazin\/?s={search_term_string}\"},\"query-input\":\"required name=search_term_string\"}],\"inLanguage\":\"de-DE\"},{\"@type\":\"Person\",\"@id\":\"https:\/\/www.schlanser.ch\/magazin\/#\/schema\/person\/000db0a103eb2594ba3daf394b1dfea2\",\"name\":\"admin\",\"image\":{\"@type\":\"ImageObject\",\"inLanguage\":\"de-DE\",\"@id\":\"https:\/\/www.schlanser.ch\/magazin\/#\/schema\/person\/image\/\",\"url\":\"https:\/\/secure.gravatar.com\/avatar\/a794a4fe8a9b9c52241597eb381dfa2e?s=96&d=mm&r=g\",\"contentUrl\":\"https:\/\/secure.gravatar.com\/avatar\/a794a4fe8a9b9c52241597eb381dfa2e?s=96&d=mm&r=g\",\"caption\":\"admin\"}}]}<\/script>\n<!-- \/ Yoast SEO plugin. -->","yoast_head_json":{"title":"Atmungsaktive Markisenaufs\u00e4tze spenden Schatten und lassen Luft durch - Schlanser Magazin","description":"Das\u00a0Schlanser\u00a0Magazin\u00a0entdeckt die M\u00f6glichkeiten von Markisenaufs\u00e4tzen \u2714\u00a0die vor Wind und Sonne sch\u00fctzen,\u00a0ohne Ihnen die Luft zu nehmen!","robots":{"index":"index","follow":"follow","max-snippet":"max-snippet:-1","max-image-preview":"max-image-preview:large","max-video-preview":"max-video-preview:-1"},"canonical":"https:\/\/www.schlanser.ch\/magazin\/atmungsaktive-markisenaufsaetze\/","og_locale":"de_DE","og_type":"article","og_title":"Atmungsaktive Markisenaufs\u00e4tze spenden Schatten und lassen Luft durch - Schlanser Magazin","og_description":"Das\u00a0Schlanser\u00a0Magazin\u00a0entdeckt die M\u00f6glichkeiten von Markisenaufs\u00e4tzen \u2714\u00a0die vor Wind und Sonne sch\u00fctzen,\u00a0ohne Ihnen die Luft zu nehmen!","og_url":"https:\/\/www.schlanser.ch\/magazin\/atmungsaktive-markisenaufsaetze\/","og_site_name":"Schlanser Magazin","article_published_time":"2020-05-14T12:47:15+00:00","article_modified_time":"2024-01-10T14:54:53+00:00","og_image":[{"width":800,"height":500,"url":"https:\/\/www.schlanser.ch\/magazin\/wp-content\/uploads\/2020\/06\/atmungsaktive-markisenaufsaetze.jpg","type":"image\/jpeg"}],"author":"admin","twitter_card":"summary_large_image","twitter_misc":{"Verfasst von":"admin","Gesch\u00e4tzte Lesezeit":"8 Minuten"},"schema":{"@context":"https:\/\/schema.org","@graph":[{"@type":"WebPage","@id":"https:\/\/www.schlanser.ch\/magazin\/atmungsaktive-markisenaufsaetze\/","url":"https:\/\/www.schlanser.ch\/magazin\/atmungsaktive-markisenaufsaetze\/","name":"Atmungsaktive Markisenaufs\u00e4tze spenden Schatten und lassen Luft durch - Schlanser Magazin","isPartOf":{"@id":"https:\/\/www.schlanser.ch\/magazin\/#website"},"primaryImageOfPage":{"@id":"https:\/\/www.schlanser.ch\/magazin\/atmungsaktive-markisenaufsaetze\/#primaryimage"},"image":{"@id":"https:\/\/www.schlanser.ch\/magazin\/atmungsaktive-markisenaufsaetze\/#primaryimage"},"thumbnailUrl":"https:\/\/www.schlanser.ch\/magazin\/wp-content\/uploads\/2020\/06\/atmungsaktive-markisenaufsaetze.jpg","datePublished":"2020-05-14T12:47:15+00:00","dateModified":"2024-01-10T14:54:53+00:00","author":{"@id":"https:\/\/www.schlanser.ch\/magazin\/#\/schema\/person\/000db0a103eb2594ba3daf394b1dfea2"},"description":"Das\u00a0Schlanser\u00a0Magazin\u00a0entdeckt die M\u00f6glichkeiten von Markisenaufs\u00e4tzen \u2714\u00a0die vor Wind und Sonne sch\u00fctzen,\u00a0ohne Ihnen die Luft zu nehmen!","breadcrumb":{"@id":"https:\/\/www.schlanser.ch\/magazin\/atmungsaktive-markisenaufsaetze\/#breadcrumb"},"inLanguage":"de-DE","potentialAction":[{"@type":"ReadAction","target":["https:\/\/www.schlanser.ch\/magazin\/atmungsaktive-markisenaufsaetze\/"]}]},{"@type":"ImageObject","inLanguage":"de-DE","@id":"https:\/\/www.schlanser.ch\/magazin\/atmungsaktive-markisenaufsaetze\/#primaryimage","url":"https:\/\/www.schlanser.ch\/magazin\/wp-content\/uploads\/2020\/06\/atmungsaktive-markisenaufsaetze.jpg","contentUrl":"https:\/\/www.schlanser.ch\/magazin\/wp-content\/uploads\/2020\/06\/atmungsaktive-markisenaufsaetze.jpg","width":800,"height":500},{"@type":"BreadcrumbList","@id":"https:\/\/www.schlanser.ch\/magazin\/atmungsaktive-markisenaufsaetze\/#breadcrumb","itemListElement":[{"@type":"ListItem","position":1,"name":"Startseite","item":"https:\/\/www.schlanser.ch\/magazin\/"},{"@type":"ListItem","position":2,"name":"Atmungsaktive Markisenaufs\u00e4tze spenden Schatten und lassen Luft durch"}]},{"@type":"WebSite","@id":"https:\/\/www.schlanser.ch\/magazin\/#website","url":"https:\/\/www.schlanser.ch\/magazin\/","name":"Schlanser Magazin","description":"","potentialAction":[{"@type":"SearchAction","target":{"@type":"EntryPoint","urlTemplate":"https:\/\/www.schlanser.ch\/magazin\/?s={search_term_string}"},"query-input":"required name=search_term_string"}],"inLanguage":"de-DE"},{"@type":"Person","@id":"https:\/\/www.schlanser.ch\/magazin\/#\/schema\/person\/000db0a103eb2594ba3daf394b1dfea2","name":"admin","image":{"@type":"ImageObject","inLanguage":"de-DE","@id":"https:\/\/www.schlanser.ch\/magazin\/#\/schema\/person\/image\/","url":"https:\/\/secure.gravatar.com\/avatar\/a794a4fe8a9b9c52241597eb381dfa2e?s=96&d=mm&r=g","contentUrl":"https:\/\/secure.gravatar.com\/avatar\/a794a4fe8a9b9c52241597eb381dfa2e?s=96&d=mm&r=g","caption":"admin"}}]}},"_links":{"self":[{"href":"https:\/\/www.schlanser.ch\/magazin\/wp-json\/wp\/v2\/posts\/9533"}],"collection":[{"href":"https:\/\/www.schlanser.ch\/magazin\/wp-json\/wp\/v2\/posts"}],"about":[{"href":"https:\/\/www.schlanser.ch\/magazin\/wp-json\/wp\/v2\/types\/post"}],"author":[{"embeddable":true,"href":"https:\/\/www.schlanser.ch\/magazin\/wp-json\/wp\/v2\/users\/1"}],"replies":[{"embeddable":true,"href":"https:\/\/www.schlanser.ch\/magazin\/wp-json\/wp\/v2\/comments?post=9533"}],"version-history":[{"count":33,"href":"https:\/\/www.schlanser.ch\/magazin\/wp-json\/wp\/v2\/posts\/9533\/revisions"}],"predecessor-version":[{"id":17581,"href":"https:\/\/www.schlanser.ch\/magazin\/wp-json\/wp\/v2\/posts\/9533\/revisions\/17581"}],"wp:featuredmedia":[{"embeddable":true,"href":"https:\/\/www.schlanser.ch\/magazin\/wp-json\/wp\/v2\/media\/9539"}],"wp:attachment":[{"href":"https:\/\/www.schlanser.ch\/magazin\/wp-json\/wp\/v2\/media?parent=9533"}],"wp:term":[{"taxonomy":"category","embeddable":true,"href":"https:\/\/www.schlanser.ch\/magazin\/wp-json\/wp\/v2\/categories?post=9533"},{"taxonomy":"post_tag","embeddable":true,"href":"https:\/\/www.schlanser.ch\/magazin\/wp-json\/wp\/v2\/tags?post=9533"}],"curies":[{"name":"wp","href":"https:\/\/api.w.org\/{rel}","templated":true}]}}