{"id":9625,"date":"2020-05-18T13:43:35","date_gmt":"2020-05-18T11:43:35","guid":{"rendered":"https:\/\/www.schlanser.ch\/magazin\/?p=9625"},"modified":"2024-01-10T15:44:04","modified_gmt":"2024-01-10T14:44:04","slug":"universalzelte-perfekte-ergaenzung","status":"publish","type":"post","link":"https:\/\/www.schlanser.ch\/magazin\/universalzelte-perfekte-ergaenzung\/","title":{"rendered":"Universalzelte als perfekte Erg\u00e4nzung f\u00fcr Camper"},"content":{"rendered":"<p style=\"text-align: justify;\"><strong>Wer auf Campingtour geht, ben\u00f6tigt nicht nur einen Schlafplatz, sondern auch Stauraum f\u00fcr sein Gep\u00e4ck und das <\/strong><a href=\"https:\/\/www.schlanser.ch\/\"><strong>Campingzubeh\u00f6r<\/strong><\/a><strong>. Daf\u00fcr bietet sich ein <\/strong><a href=\"https:\/\/www.schlanser.ch\/zelte\/vorzelte\/universal-dusch-geraetezelte\/\"><strong>Universalzelt<\/strong><\/a><strong> an. Dieses kann als separater Bereich dienen, sodass im eigentlichen Zelt gen\u00fcgend Platz zum Schlafen ist. <\/strong><\/p>\n<h2>Ein Duschzelt f\u00fcr mehr Privatsph\u00e4re<\/h2>\n<p style=\"text-align: justify;\">Wer gerne ungest\u00f6rt und vor allem unbeobachtet duschen m\u00f6chte, kann sein Universalzelt auch als Duschzelt nutzen. Das ist nicht nur f\u00fcr den Campingurlaub eine grossartige Sache, sondern auch am Strand oder bei einem Festival. Sie habe Ihre eigene Duschkabine quasi immer dabei und k\u00f6nnen diese schnell und unkompliziert auf- und abbauen. Damit es schnell geht, handelt es sich hierbei meist um ein <a href=\"https:\/\/www.schlanser.ch\/zelte\/campingzelte\/wurfzelte\/\">Pop-up- beziehungsweise Wurfzelt<\/a>. Es gibt aber auch die Variante von freistehenden und tragbaren Duschzelten oder einem Heckklappenduschzelt.<\/p>\n<p><a href=\"https:\/\/www.schlanser.ch\/zelte\/vorzelte\/universal-dusch-geraetezelte\/73379\/berger-avila-universalzelt\/wurfzelt\"><img loading=\"lazy\" decoding=\"async\" class=\"aligncenter wp-image-9640 size-full\" title=\"Berger Avila Universalzelt \/ Wurfzelt | sehr schnell aufgebaut | UV50+ | Fenster mit Moskitogaze\" src=\"https:\/\/www.schlanser.ch\/magazin\/wp-content\/uploads\/2020\/06\/berger-avila-universalzelt-wurfzelt.jpg\" alt=\"berger-avila-universalzelt-wurfzelt-universalzelte\" width=\"600\" height=\"375\" srcset=\"https:\/\/www.schlanser.ch\/magazin\/wp-content\/uploads\/2020\/06\/berger-avila-universalzelt-wurfzelt.jpg 600w, https:\/\/www.schlanser.ch\/magazin\/wp-content\/uploads\/2020\/06\/berger-avila-universalzelt-wurfzelt-300x188.jpg 300w\" sizes=\"(max-width: 600px) 100vw, 600px\" \/><\/a><\/p>\n<p style=\"text-align: justify;\">Privatsph\u00e4re ist nicht nur bei der K\u00f6rperpflege wichtig, auch als Umkleidekabine (Wurfumkleide), Campingtoilette oder als M\u00f6glichkeit zum W\u00e4sche trocknen, kann ein Universalzelt genutzt werden. Besonders bew\u00e4hrt hat sich hier die Wurfzelt- beziehungsweise Pop-up-Variante. Dieses ist sehr einfach aufzubauen und im Handumdrehen wieder zusammengelegt. Ausserdem verf\u00fcgt es \u00fcber ein geringes Gewicht, kann also bequem \u00fcberall mit hingenommen werden.<\/p>\n<p><img loading=\"lazy\" decoding=\"async\" class=\"aligncenter wp-image-9656 size-full\" title=\"RinseKit Plus Mobile Dusche | ohne Strom | 7 Spr\u00fcheinstellungen | inkl. Waschbeckeadapter\" src=\"https:\/\/www.schlanser.ch\/magazin\/wp-content\/uploads\/2020\/06\/rinsekit-plus-mobile-dusche.jpg\" alt=\"rinsekit-plus-mobile-dusche\" width=\"395\" height=\"500\" srcset=\"https:\/\/www.schlanser.ch\/magazin\/wp-content\/uploads\/2020\/06\/rinsekit-plus-mobile-dusche.jpg 395w, https:\/\/www.schlanser.ch\/magazin\/wp-content\/uploads\/2020\/06\/rinsekit-plus-mobile-dusche-237x300.jpg 237w\" sizes=\"(max-width: 395px) 100vw, 395px\" \/><\/p>\n<p style=\"text-align: justify;\">Ein grosser Reissverschluss erm\u00f6glicht das Ein- und Austreten und sorgt f\u00fcr Privatsph\u00e4re. In vielen Modellen sind im Innenraum ausserdem Taschen enthalten, wo ein paar Kleinigkeiten, wie Pflegeutensilien oder andere Alltagsgegenst\u00e4nde verstaut werden k\u00f6nnen. Damit gen\u00fcgend Luft in das Zelt kommt, sind meist kleine Bel\u00fcftungsnetze eingebaut.<\/p>\n<p><img loading=\"lazy\" decoding=\"async\" class=\"aligncenter wp-image-9660 size-full\" title=\"G.F. Garden Sunny Style Solardusche | Duschkopf schwenkbar\" src=\"https:\/\/www.schlanser.ch\/magazin\/wp-content\/uploads\/2020\/06\/solardusche-sunny-style.jpg\" alt=\"solardusche-sunny-style\" width=\"600\" height=\"375\" srcset=\"https:\/\/www.schlanser.ch\/magazin\/wp-content\/uploads\/2020\/06\/solardusche-sunny-style.jpg 600w, https:\/\/www.schlanser.ch\/magazin\/wp-content\/uploads\/2020\/06\/solardusche-sunny-style-300x188.jpg 300w\" sizes=\"(max-width: 600px) 100vw, 600px\" \/><\/p>\n<p style=\"text-align: justify;\">Als zus\u00e4tzliches Zubeh\u00f6r ben\u00f6tigen Sie eine Duschvorrichtung, da die meisten Duschzelte nicht so stabil sind, dass am Rahmen ein <a href=\"https:\/\/www.schlanser.ch\/fahrzeug\/wasser\/wasserbehaelter\/\">Wasserkanister, Wasserbeutel<\/a> oder eine <a href=\"https:\/\/www.schlanser.ch\/outdoor-freizeit\/wasserwelt\/badespass\/\">Solardusche<\/a> aufgeh\u00e4ngt werden kann. Aus diesem Grund bietet sich die Anschaffung einer elektrischen Campingdusche an. Mit dieser k\u00f6nnen Sie das Wasser aus einem Kanister \u00fcber die Stromunterst\u00fctzung nach oben pumpen. Nat\u00fcrlich k\u00f6nnen Sie das Duschzelt auch einfach in der N\u00e4he eines Baumes aufstellen und an diesem eine Solardusche aufh\u00e4ngen.<\/p>\n<h2>Das Umkleidezelt als n\u00fctzliches Zubeh\u00f6r<\/h2>\n<p style=\"text-align: justify;\">Wenn Sie schon einmal auf einem Campingplatz Urlaub gemacht haben, wissen Sie, dass es hier meist nur ein paar Toiletten oder Duschen zum Umziehen gibt. Das ist f\u00fcr viele Camper meist nicht das Wahre, so sind diese sporadischen Umkleiden eher beengt und werden nun mal von vielen anderen Zeltplatzbewohnern benutzt. Auch wenn die Hygiene auf den meisten Pl\u00e4tzen stimmt, ist es doch ein besseres Gef\u00fchl, sein eigenes Reich zur Verf\u00fcgung zu haben. Es lohnt sich also, seine pers\u00f6nliche Umkleide mitzubringen.<\/p>\n<p><a href=\"https:\/\/www.schlanser.ch\/zelte\/vorzelte\/universal-dusch-geraetezelte\/7429\/berger-universal-umkleidekabine\"><img loading=\"lazy\" decoding=\"async\" class=\"aligncenter wp-image-9629 size-full\" title=\"Berger Universal Umkleidekabine | Handtuchhalterung innen | Eingangst\u00fcr per RV verschliessbar\" src=\"https:\/\/www.schlanser.ch\/magazin\/wp-content\/uploads\/2020\/06\/berger-universal-umkleidekabine.jpg\" alt=\"berger-universal-umkleidekabine-universalzelte\" width=\"600\" height=\"375\" srcset=\"https:\/\/www.schlanser.ch\/magazin\/wp-content\/uploads\/2020\/06\/berger-universal-umkleidekabine.jpg 600w, https:\/\/www.schlanser.ch\/magazin\/wp-content\/uploads\/2020\/06\/berger-universal-umkleidekabine-300x188.jpg 300w\" sizes=\"(max-width: 600px) 100vw, 600px\" \/><\/a><\/p>\n<p style=\"text-align: justify;\">Dazu bietet sich ein separates Universalzelt an, was im Gegensatz zu einem normalen Schlafzelt aber h\u00f6her gebaut ist. Sie m\u00fcssen in der mobilen Umkleidekabine schliesslich bequem stehen k\u00f6nnen. Meistens sind diese auch nicht eckig, sondern rund konstruiert. Hier bietet sich eine Wurfumkleide mit einer Standh\u00f6he von etwa zwei Metern an.<\/p>\n<p><img loading=\"lazy\" decoding=\"async\" class=\"aligncenter wp-image-9642 size-full\" title=\"Berger Wurfumkleidekabine | blickdicht | integriertes Gest\u00e4nge | mit Handtuchhalterung\" src=\"https:\/\/www.schlanser.ch\/magazin\/wp-content\/uploads\/2020\/06\/berger-wurfumkleidekabine.jpg\" alt=\"berger-wurfumkleidekabine-universalzelte\" width=\"600\" height=\"375\" srcset=\"https:\/\/www.schlanser.ch\/magazin\/wp-content\/uploads\/2020\/06\/berger-wurfumkleidekabine.jpg 600w, https:\/\/www.schlanser.ch\/magazin\/wp-content\/uploads\/2020\/06\/berger-wurfumkleidekabine-300x188.jpg 300w\" sizes=\"(max-width: 600px) 100vw, 600px\" \/><\/p>\n<p style=\"text-align: justify;\">Durch das Pop-up-Prinzip ist diese auch wieder schnell auf- und abgebaut, so kann sie auch mit an den Strand oder auf das Festival genommen werden. Mit einer eigenen Wurfumkleide entf\u00e4llt der Gang zu den \u00f6ffentlichen Toiletten auf dem Campingplatz. Sie k\u00f6nnen sich einfach und bequem neben Ihrem Schlafplatz umziehen und das vollkommen unbeobachtet.<\/p>\n<h2>Das Versorgungszelt als sinnvolle Verstaum\u00f6glichkeit<\/h2>\n<p style=\"text-align: justify;\">Egal welches Ziel Sie in Ihrem Campingurlaub einschlagen, eine gewisse Auswahl an Zubeh\u00f6r und Versorgung muss mitgef\u00fchrt werden. Damit nicht das Schlafzelt bis oben hin zugestellt ist, bietet es sich an, ein extra Versorgungszelt aufzuschlagen. Das ist vor allem dann sinnvoll, wenn Sie l\u00e4nger an einem Standpunkt verweilen.<\/p>\n<p><a href=\"https:\/\/www.schlanser.ch\/haushalt\/camping-haushalt\/behaelter\/70367\/mepal-cirqula-multischuessel-set-3-tlg.-nordic-white\"><img loading=\"lazy\" decoding=\"async\" class=\"aligncenter wp-image-9662\" title=\"Mepal Cirqula Multisch\u00fcssel-Set | 3-tlg. | nordic white | 100% luftdicht | aromafest und auslaufsicher\" src=\"https:\/\/www.schlanser.ch\/magazin\/wp-content\/uploads\/2020\/06\/mepal-cirqula-multischuessel-set-3-tlg-nordic-white.jpg\" alt=\"mepal-cirqula-multischuessel-set-3-tlg-nordic-white\" width=\"329\" height=\"350\" srcset=\"https:\/\/www.schlanser.ch\/magazin\/wp-content\/uploads\/2020\/06\/mepal-cirqula-multischuessel-set-3-tlg-nordic-white.jpg 470w, https:\/\/www.schlanser.ch\/magazin\/wp-content\/uploads\/2020\/06\/mepal-cirqula-multischuessel-set-3-tlg-nordic-white-282x300.jpg 282w\" sizes=\"(max-width: 329px) 100vw, 329px\" \/><\/a><\/p>\n<p style=\"text-align: justify;\">Hier kann einfach alles unterkommen, was Sie in gr\u00f6sseren Mengen bevorraten m\u00f6chten. Das sind in erster Linie nat\u00fcrlich Nahrungsmittel, doch auch Utensilien zum Kochen, Bedarf der t\u00e4glichen K\u00f6rperpflege, Medikamente und weiteres Zubeh\u00f6r k\u00f6nnen dort verstaut werden. Bei Ihren Lebensmitteln sollten Sie allerdings darauf achten, dass diese gut eingepackt werden, denn sonst kann es passieren, dass sich Tiere dar\u00fcber hermachen.<\/p>\n<p><img loading=\"lazy\" decoding=\"async\" class=\"aligncenter wp-image-9665\" title=\"Lock &amp; Lock Classic Box Set 5-tlg. | 100% luft- und wasserdicht | lange Frische\" src=\"https:\/\/www.schlanser.ch\/magazin\/wp-content\/uploads\/2020\/06\/lock-lock-classic-box-set-5-tlg.jpg\" alt=\"lock-lock-classic-box-set-5-tlg\" width=\"254\" height=\"450\" srcset=\"https:\/\/www.schlanser.ch\/magazin\/wp-content\/uploads\/2020\/06\/lock-lock-classic-box-set-5-tlg.jpg 282w, https:\/\/www.schlanser.ch\/magazin\/wp-content\/uploads\/2020\/06\/lock-lock-classic-box-set-5-tlg-169x300.jpg 169w\" sizes=\"(max-width: 254px) 100vw, 254px\" \/><\/p>\n<p style=\"text-align: justify;\">Auch im Versorgungszelt sollten bereits offene T\u00fcten und Verpackungen in luftdichte Beh\u00e4lter verstaut werden. Sind Vorratsmengen im h\u00f6heren Umfang m\u00f6glich, k\u00f6nnen Sie diese im Vorratszelt \u00fcbersichtlich und sicher lagern.<\/p>\n<h2>Ein Ger\u00e4tezelt f\u00fcr mehr Stauraum<\/h2>\n<p style=\"text-align: justify;\">Beim Camping kommt man schnell an seine Stauraumkapazit\u00e4ten. Es sind doch, neben den Vorr\u00e4ten, so einige Dinge, die mitm\u00fcssen. Wenn das Schlaf- und <a href=\"https:\/\/www.schlanser.ch\/zelte\/vorzelte\/\">Vorzelt<\/a> nicht zu voll gestellt sein soll, kann ein Universalzelt in Form von einem Ger\u00e4tezelt Abhilfe schaffen. Hier k\u00f6nnen Sie vor allem gr\u00f6ssere Objekte auslagern und sich mehr Luft und Platz im Hauptzelt verschaffen.<\/p>\n<p><img loading=\"lazy\" decoding=\"async\" class=\"aligncenter wp-image-9652 size-full\" title=\"Berger Toledo Universalzelt | verschlie\u00dfbar | Fenster mit Moskitogaze | UV50 + | Wassers\u00e4ule 3000 mm\" src=\"https:\/\/www.schlanser.ch\/magazin\/wp-content\/uploads\/2020\/06\/berger-toledo-universalzelt.jpg\" alt=\"berger-toledo-universalzelt-universalzelte\" width=\"600\" height=\"375\" srcset=\"https:\/\/www.schlanser.ch\/magazin\/wp-content\/uploads\/2020\/06\/berger-toledo-universalzelt.jpg 600w, https:\/\/www.schlanser.ch\/magazin\/wp-content\/uploads\/2020\/06\/berger-toledo-universalzelt-300x188.jpg 300w\" sizes=\"(max-width: 600px) 100vw, 600px\" \/><\/p>\n<p style=\"text-align: justify;\">Das Ger\u00e4tezelt wird auch Beistellzelt genannt und wird neben dem Vor- oder Familienzelt aufgebaut. Dort k\u00f6nnen zum Beispiel Kochzubeh\u00f6r, Sandspielzeug oder Strandutensilien trocken und sauber beheimatet werden. Ebenso Sportger\u00e4te oder die Fahrr\u00e4der k\u00f6nnen darin einen sicheren Platz finden. Auch hier k\u00f6nnen Sie wieder auf die bequeme Pop-up-Technik beziehungsweise ein Wurfzelt zur\u00fcckgreifen.<\/p>\n<p style=\"text-align: justify;\">Weitere Zusatz-Zelte sind zum Beispiel:<\/p>\n<ul>\n<li>K\u00fcchenzelte,<\/li>\n<li>Toilettenzelte oder<\/li>\n<li>Winter-Vorzelte.<\/li>\n<\/ul>\n<h2>Das Universalzelt richtig reinigen<\/h2>\n<p style=\"text-align: justify;\">Vor allem, wenn Sie Ihr Universalzelt als Duschzelt nutzen, m\u00fcssen Sie dieses regelm\u00e4ssig reinigen. Doch auch ein Ger\u00e4tezelt, wo schmutzige Fahrr\u00e4der und Sandspielzeug gelagert werden, sollte hin und wieder ges\u00e4ubert werden. Nach dem Duschen nutzen Sie am besten klares Wasser, um die Seifen- und Shampoo-Reste zu entfernen. So k\u00f6nnen sich unsch\u00f6ne Ablagerungen gar nicht erst bilden. Bei gr\u00f6beren Verschmutzungen durch Fahrr\u00e4der oder \u00e4hnliches, gen\u00fcgt warmes Wasser mit einem Spritzer Universalreiniger.<\/p>\n<p><img loading=\"lazy\" decoding=\"async\" class=\"aligncenter wp-image-9654 size-full\" title=\"Berger Zelt- und Gewebeplanenreiniger | milder Reiniger f\u00fcr Kunststoff- und Textilgewebe\" src=\"https:\/\/www.schlanser.ch\/magazin\/wp-content\/uploads\/2020\/06\/berger-zelt-und-gewebeplanenreiniger.jpg\" alt=\"berger-zelt-und-gewebeplanenreiniger\" width=\"400\" height=\"400\" srcset=\"https:\/\/www.schlanser.ch\/magazin\/wp-content\/uploads\/2020\/06\/berger-zelt-und-gewebeplanenreiniger.jpg 400w, https:\/\/www.schlanser.ch\/magazin\/wp-content\/uploads\/2020\/06\/berger-zelt-und-gewebeplanenreiniger-300x300.jpg 300w, https:\/\/www.schlanser.ch\/magazin\/wp-content\/uploads\/2020\/06\/berger-zelt-und-gewebeplanenreiniger-150x150.jpg 150w\" sizes=\"(max-width: 400px) 100vw, 400px\" \/><\/p>\n<p style=\"text-align: justify;\">Bevor das Zelt wieder zusammengefaltet wird, sollte es unbedingt vollst\u00e4ndig trocken sein, damit sich kein Schimmel bildet. Lassen Sie es, wenn m\u00f6glich an einem luftigen Ort trocknen. Ausserdem sollten Sie darauf achten, dass sich keine Steine und \u00c4ste auf dem Zelt befinden, dass diese beim Einklappen Sch\u00e4den am Zeltstoff verursachen k\u00f6nnen.<\/p>\n","protected":false},"excerpt":{"rendered":"<p>Wer auf Campingtour geht, ben\u00f6tigt nicht nur einen Schlafplatz, sondern auch Stauraum f\u00fcr sein Gep\u00e4ck und das Campingzubeh\u00f6r. Daf\u00fcr bietet sich ein Universalzelt an. Dieses kann als separater Bereich dienen, sodass im eigentlichen Zelt gen\u00fcgend Platz zum Schlafen ist. Ein Duschzelt f\u00fcr mehr Privatsph\u00e4re Wer gerne ungest\u00f6rt und vor allem unbeobachtet duschen m\u00f6chte, kann sein &hellip;<\/p>\n","protected":false},"author":1,"featured_media":9637,"comment_status":"closed","ping_status":"open","sticky":false,"template":"","format":"standard","meta":{"footnotes":""},"categories":[3],"tags":[1293,18,1294,760,1283,1285,1296,1286,160,385,1288,596,450,1290,1289,1282,1284,1281,1292,1291,387,323,13,1295,23],"yoast_head":"<!-- This site is optimized with the Yoast SEO plugin v22.2 - https:\/\/yoast.com\/wordpress\/plugins\/seo\/ -->\n<title>Universalzelte als perfekte Erg\u00e4nzung f\u00fcr Camper - Schlanser Magazin<\/title>\n<meta name=\"description\" content=\"Das Schlanser Magazin zeigt kleine praktische Zelte, die schnell aufgebaut funktionellen Platz bieten\u2714 Mehr lesen Sie im Ratgeber Universalzelte!\" \/>\n<meta name=\"robots\" content=\"index, follow, max-snippet:-1, max-image-preview:large, max-video-preview:-1\" \/>\n<link rel=\"canonical\" href=\"https:\/\/www.schlanser.ch\/magazin\/universalzelte-perfekte-ergaenzung\/\" \/>\n<meta property=\"og:locale\" content=\"de_DE\" \/>\n<meta property=\"og:type\" content=\"article\" \/>\n<meta property=\"og:title\" content=\"Universalzelte als perfekte Erg\u00e4nzung f\u00fcr Camper - Schlanser Magazin\" \/>\n<meta property=\"og:description\" content=\"Das Schlanser Magazin zeigt kleine praktische Zelte, die schnell aufgebaut funktionellen Platz bieten\u2714 Mehr lesen Sie im Ratgeber Universalzelte!\" \/>\n<meta property=\"og:url\" content=\"https:\/\/www.schlanser.ch\/magazin\/universalzelte-perfekte-ergaenzung\/\" \/>\n<meta property=\"og:site_name\" content=\"Schlanser Magazin\" \/>\n<meta property=\"article:published_time\" content=\"2020-05-18T11:43:35+00:00\" \/>\n<meta property=\"article:modified_time\" content=\"2024-01-10T14:44:04+00:00\" \/>\n<meta property=\"og:image\" content=\"https:\/\/www.schlanser.ch\/magazin\/wp-content\/uploads\/2020\/06\/universalzelte-perfekte-ergaenzung.jpg\" \/>\n\t<meta property=\"og:image:width\" content=\"800\" \/>\n\t<meta property=\"og:image:height\" content=\"500\" \/>\n\t<meta property=\"og:image:type\" content=\"image\/jpeg\" \/>\n<meta name=\"author\" content=\"admin\" \/>\n<meta name=\"twitter:card\" content=\"summary_large_image\" \/>\n<meta name=\"twitter:label1\" content=\"Verfasst von\" \/>\n\t<meta name=\"twitter:data1\" content=\"admin\" \/>\n\t<meta name=\"twitter:label2\" content=\"Gesch\u00e4tzte Lesezeit\" \/>\n\t<meta name=\"twitter:data2\" content=\"5 Minuten\" \/>\n<script type=\"application\/ld+json\" class=\"yoast-schema-graph\">{\"@context\":\"https:\/\/schema.org\",\"@graph\":[{\"@type\":\"WebPage\",\"@id\":\"https:\/\/www.schlanser.ch\/magazin\/universalzelte-perfekte-ergaenzung\/\",\"url\":\"https:\/\/www.schlanser.ch\/magazin\/universalzelte-perfekte-ergaenzung\/\",\"name\":\"Universalzelte als perfekte Erg\u00e4nzung f\u00fcr Camper - Schlanser Magazin\",\"isPartOf\":{\"@id\":\"https:\/\/www.schlanser.ch\/magazin\/#website\"},\"primaryImageOfPage\":{\"@id\":\"https:\/\/www.schlanser.ch\/magazin\/universalzelte-perfekte-ergaenzung\/#primaryimage\"},\"image\":{\"@id\":\"https:\/\/www.schlanser.ch\/magazin\/universalzelte-perfekte-ergaenzung\/#primaryimage\"},\"thumbnailUrl\":\"https:\/\/www.schlanser.ch\/magazin\/wp-content\/uploads\/2020\/06\/universalzelte-perfekte-ergaenzung.jpg\",\"datePublished\":\"2020-05-18T11:43:35+00:00\",\"dateModified\":\"2024-01-10T14:44:04+00:00\",\"author\":{\"@id\":\"https:\/\/www.schlanser.ch\/magazin\/#\/schema\/person\/000db0a103eb2594ba3daf394b1dfea2\"},\"description\":\"Das Schlanser Magazin zeigt kleine praktische Zelte, die schnell aufgebaut funktionellen Platz bieten\u2714 Mehr lesen Sie im Ratgeber Universalzelte!\",\"breadcrumb\":{\"@id\":\"https:\/\/www.schlanser.ch\/magazin\/universalzelte-perfekte-ergaenzung\/#breadcrumb\"},\"inLanguage\":\"de-DE\",\"potentialAction\":[{\"@type\":\"ReadAction\",\"target\":[\"https:\/\/www.schlanser.ch\/magazin\/universalzelte-perfekte-ergaenzung\/\"]}]},{\"@type\":\"ImageObject\",\"inLanguage\":\"de-DE\",\"@id\":\"https:\/\/www.schlanser.ch\/magazin\/universalzelte-perfekte-ergaenzung\/#primaryimage\",\"url\":\"https:\/\/www.schlanser.ch\/magazin\/wp-content\/uploads\/2020\/06\/universalzelte-perfekte-ergaenzung.jpg\",\"contentUrl\":\"https:\/\/www.schlanser.ch\/magazin\/wp-content\/uploads\/2020\/06\/universalzelte-perfekte-ergaenzung.jpg\",\"width\":800,\"height\":500},{\"@type\":\"BreadcrumbList\",\"@id\":\"https:\/\/www.schlanser.ch\/magazin\/universalzelte-perfekte-ergaenzung\/#breadcrumb\",\"itemListElement\":[{\"@type\":\"ListItem\",\"position\":1,\"name\":\"Startseite\",\"item\":\"https:\/\/www.schlanser.ch\/magazin\/\"},{\"@type\":\"ListItem\",\"position\":2,\"name\":\"Universalzelte als perfekte Erg\u00e4nzung f\u00fcr Camper\"}]},{\"@type\":\"WebSite\",\"@id\":\"https:\/\/www.schlanser.ch\/magazin\/#website\",\"url\":\"https:\/\/www.schlanser.ch\/magazin\/\",\"name\":\"Schlanser Magazin\",\"description\":\"\",\"potentialAction\":[{\"@type\":\"SearchAction\",\"target\":{\"@type\":\"EntryPoint\",\"urlTemplate\":\"https:\/\/www.schlanser.ch\/magazin\/?s={search_term_string}\"},\"query-input\":\"required name=search_term_string\"}],\"inLanguage\":\"de-DE\"},{\"@type\":\"Person\",\"@id\":\"https:\/\/www.schlanser.ch\/magazin\/#\/schema\/person\/000db0a103eb2594ba3daf394b1dfea2\",\"name\":\"admin\",\"image\":{\"@type\":\"ImageObject\",\"inLanguage\":\"de-DE\",\"@id\":\"https:\/\/www.schlanser.ch\/magazin\/#\/schema\/person\/image\/\",\"url\":\"https:\/\/secure.gravatar.com\/avatar\/a794a4fe8a9b9c52241597eb381dfa2e?s=96&d=mm&r=g\",\"contentUrl\":\"https:\/\/secure.gravatar.com\/avatar\/a794a4fe8a9b9c52241597eb381dfa2e?s=96&d=mm&r=g\",\"caption\":\"admin\"}}]}<\/script>\n<!-- \/ Yoast SEO plugin. -->","yoast_head_json":{"title":"Universalzelte als perfekte Erg\u00e4nzung f\u00fcr Camper - Schlanser Magazin","description":"Das Schlanser Magazin zeigt kleine praktische Zelte, die schnell aufgebaut funktionellen Platz bieten\u2714 Mehr lesen Sie im Ratgeber Universalzelte!","robots":{"index":"index","follow":"follow","max-snippet":"max-snippet:-1","max-image-preview":"max-image-preview:large","max-video-preview":"max-video-preview:-1"},"canonical":"https:\/\/www.schlanser.ch\/magazin\/universalzelte-perfekte-ergaenzung\/","og_locale":"de_DE","og_type":"article","og_title":"Universalzelte als perfekte Erg\u00e4nzung f\u00fcr Camper - Schlanser Magazin","og_description":"Das Schlanser Magazin zeigt kleine praktische Zelte, die schnell aufgebaut funktionellen Platz bieten\u2714 Mehr lesen Sie im Ratgeber Universalzelte!","og_url":"https:\/\/www.schlanser.ch\/magazin\/universalzelte-perfekte-ergaenzung\/","og_site_name":"Schlanser Magazin","article_published_time":"2020-05-18T11:43:35+00:00","article_modified_time":"2024-01-10T14:44:04+00:00","og_image":[{"width":800,"height":500,"url":"https:\/\/www.schlanser.ch\/magazin\/wp-content\/uploads\/2020\/06\/universalzelte-perfekte-ergaenzung.jpg","type":"image\/jpeg"}],"author":"admin","twitter_card":"summary_large_image","twitter_misc":{"Verfasst von":"admin","Gesch\u00e4tzte Lesezeit":"5 Minuten"},"schema":{"@context":"https:\/\/schema.org","@graph":[{"@type":"WebPage","@id":"https:\/\/www.schlanser.ch\/magazin\/universalzelte-perfekte-ergaenzung\/","url":"https:\/\/www.schlanser.ch\/magazin\/universalzelte-perfekte-ergaenzung\/","name":"Universalzelte als perfekte Erg\u00e4nzung f\u00fcr Camper - Schlanser Magazin","isPartOf":{"@id":"https:\/\/www.schlanser.ch\/magazin\/#website"},"primaryImageOfPage":{"@id":"https:\/\/www.schlanser.ch\/magazin\/universalzelte-perfekte-ergaenzung\/#primaryimage"},"image":{"@id":"https:\/\/www.schlanser.ch\/magazin\/universalzelte-perfekte-ergaenzung\/#primaryimage"},"thumbnailUrl":"https:\/\/www.schlanser.ch\/magazin\/wp-content\/uploads\/2020\/06\/universalzelte-perfekte-ergaenzung.jpg","datePublished":"2020-05-18T11:43:35+00:00","dateModified":"2024-01-10T14:44:04+00:00","author":{"@id":"https:\/\/www.schlanser.ch\/magazin\/#\/schema\/person\/000db0a103eb2594ba3daf394b1dfea2"},"description":"Das Schlanser Magazin zeigt kleine praktische Zelte, die schnell aufgebaut funktionellen Platz bieten\u2714 Mehr lesen Sie im Ratgeber Universalzelte!","breadcrumb":{"@id":"https:\/\/www.schlanser.ch\/magazin\/universalzelte-perfekte-ergaenzung\/#breadcrumb"},"inLanguage":"de-DE","potentialAction":[{"@type":"ReadAction","target":["https:\/\/www.schlanser.ch\/magazin\/universalzelte-perfekte-ergaenzung\/"]}]},{"@type":"ImageObject","inLanguage":"de-DE","@id":"https:\/\/www.schlanser.ch\/magazin\/universalzelte-perfekte-ergaenzung\/#primaryimage","url":"https:\/\/www.schlanser.ch\/magazin\/wp-content\/uploads\/2020\/06\/universalzelte-perfekte-ergaenzung.jpg","contentUrl":"https:\/\/www.schlanser.ch\/magazin\/wp-content\/uploads\/2020\/06\/universalzelte-perfekte-ergaenzung.jpg","width":800,"height":500},{"@type":"BreadcrumbList","@id":"https:\/\/www.schlanser.ch\/magazin\/universalzelte-perfekte-ergaenzung\/#breadcrumb","itemListElement":[{"@type":"ListItem","position":1,"name":"Startseite","item":"https:\/\/www.schlanser.ch\/magazin\/"},{"@type":"ListItem","position":2,"name":"Universalzelte als perfekte Erg\u00e4nzung f\u00fcr Camper"}]},{"@type":"WebSite","@id":"https:\/\/www.schlanser.ch\/magazin\/#website","url":"https:\/\/www.schlanser.ch\/magazin\/","name":"Schlanser Magazin","description":"","potentialAction":[{"@type":"SearchAction","target":{"@type":"EntryPoint","urlTemplate":"https:\/\/www.schlanser.ch\/magazin\/?s={search_term_string}"},"query-input":"required name=search_term_string"}],"inLanguage":"de-DE"},{"@type":"Person","@id":"https:\/\/www.schlanser.ch\/magazin\/#\/schema\/person\/000db0a103eb2594ba3daf394b1dfea2","name":"admin","image":{"@type":"ImageObject","inLanguage":"de-DE","@id":"https:\/\/www.schlanser.ch\/magazin\/#\/schema\/person\/image\/","url":"https:\/\/secure.gravatar.com\/avatar\/a794a4fe8a9b9c52241597eb381dfa2e?s=96&d=mm&r=g","contentUrl":"https:\/\/secure.gravatar.com\/avatar\/a794a4fe8a9b9c52241597eb381dfa2e?s=96&d=mm&r=g","caption":"admin"}}]}},"_links":{"self":[{"href":"https:\/\/www.schlanser.ch\/magazin\/wp-json\/wp\/v2\/posts\/9625"}],"collection":[{"href":"https:\/\/www.schlanser.ch\/magazin\/wp-json\/wp\/v2\/posts"}],"about":[{"href":"https:\/\/www.schlanser.ch\/magazin\/wp-json\/wp\/v2\/types\/post"}],"author":[{"embeddable":true,"href":"https:\/\/www.schlanser.ch\/magazin\/wp-json\/wp\/v2\/users\/1"}],"replies":[{"embeddable":true,"href":"https:\/\/www.schlanser.ch\/magazin\/wp-json\/wp\/v2\/comments?post=9625"}],"version-history":[{"count":39,"href":"https:\/\/www.schlanser.ch\/magazin\/wp-json\/wp\/v2\/posts\/9625\/revisions"}],"predecessor-version":[{"id":17240,"href":"https:\/\/www.schlanser.ch\/magazin\/wp-json\/wp\/v2\/posts\/9625\/revisions\/17240"}],"wp:featuredmedia":[{"embeddable":true,"href":"https:\/\/www.schlanser.ch\/magazin\/wp-json\/wp\/v2\/media\/9637"}],"wp:attachment":[{"href":"https:\/\/www.schlanser.ch\/magazin\/wp-json\/wp\/v2\/media?parent=9625"}],"wp:term":[{"taxonomy":"category","embeddable":true,"href":"https:\/\/www.schlanser.ch\/magazin\/wp-json\/wp\/v2\/categories?post=9625"},{"taxonomy":"post_tag","embeddable":true,"href":"https:\/\/www.schlanser.ch\/magazin\/wp-json\/wp\/v2\/tags?post=9625"}],"curies":[{"name":"wp","href":"https:\/\/api.w.org\/{rel}","templated":true}]}}