{"id":9670,"date":"2020-05-25T09:34:44","date_gmt":"2020-05-25T07:34:44","guid":{"rendered":"https:\/\/www.schlanser.ch\/magazin\/?p=9670"},"modified":"2024-01-10T15:54:54","modified_gmt":"2024-01-10T14:54:54","slug":"campen-im-garten","status":"publish","type":"post","link":"https:\/\/www.schlanser.ch\/magazin\/campen-im-garten\/","title":{"rendered":"Zelten im Garten mit Kindern"},"content":{"rendered":"<h2>\u00ab Wenn Kinder Ferien machen \u00bb<\/h2>\n<p style=\"text-align: justify;\"><strong>Die Idee, f\u00fcr eine Sommernacht die W\u00e4nde des Kinderzimmers gegen die eines <a href=\"https:\/\/www.schlanser.ch\/zelte\/campingzelte\/iglu-kuppelzelte\/\">kleinen Igluzeltes<\/a> zu tauschen, sorgt bei den meisten Kindern f\u00fcr helle Begeisterung. Wird das Zelt im Garten dann noch zur elternfreien Zone erkl\u00e4rt, ist die Freude umso gr\u00f6sser. Was Sie f\u00fcr den Abenteuertrip auf dem heimischen Grundst\u00fcck alles ben\u00f6tigen und wie das Zelten im Garten mit Kindern zum spassigen Ferienerlebnis wird, erfahren Sie hier.\u00a0<\/strong><\/p>\n<h2><span data-contrast=\"auto\">Was sind die Vorteile beim Zelten im Garten mit Kindern? <\/span><span data-ccp-props=\"{&quot;201341983&quot;:0,&quot;335559739&quot;:160,&quot;335559740&quot;:259}\">\u00a0<\/span><\/h2>\n<p style=\"text-align: justify;\"><span data-contrast=\"auto\">Die Sommerferien, beziehungsweise laue Sommern\u00e4chte eignen sich besonders gut f\u00fcr Gartencamping. Wenn es dann doch mal regnen sollte oder ein Gewitter aufzieht, ist der Weg ins Haus nicht weit. Auch falls die Angst bei den Kleinsten, so ganz <\/span><span data-contrast=\"auto\">alleine<\/span><span data-contrast=\"auto\">\u00a0<\/span><span data-contrast=\"auto\">draussen<\/span><span data-contrast=\"auto\"> zu schlafen, kommt, kann schnell zu den Eltern ins Bett gekrabbelt werden. Zelten im Garten mit Kindern birgt also keinerlei Risiken, bring<\/span><span data-contrast=\"auto\">t<\/span><span data-contrast=\"auto\">\u00a0aber<\/span><span data-contrast=\"auto\">\u00a0so<\/span><span data-contrast=\"auto\">\u00a0viel\u00a0<\/span><span data-contrast=\"auto\">Spass<\/span><span data-contrast=\"auto\">, wie Campen im Urlaub. Gartencamping<\/span><span data-contrast=\"auto\">\u00a0ist dabei aber<\/span><span data-contrast=\"auto\">\u00a0wesentlich unkomplizierter, als wenn mit Sack und Pack\u00a0<\/span><span data-contrast=\"auto\">ausserhalb<\/span><span data-contrast=\"auto\"> gecampt wird. Die Mahlzeiten werden im Haus eingenommen, das heimische Badezimmer kann genutzt werden und Spielsachen nach Belieben vom Haus ins Kinderzelt getragen werden.<\/span><span data-contrast=\"auto\">\u00a0Zelt und\u00a0<\/span><span data-contrast=\"none\">Schlafunterlage<\/span><span data-contrast=\"auto\">\u00a0reichen also. Auf die\u00a0<\/span><a href=\"https:\/\/www.schlanser.ch\/haushalt\/\"><span data-contrast=\"none\">Campingk\u00fcche<\/span><\/a><span data-contrast=\"auto\">\u00a0kann verzichtet werden.<\/span><span data-contrast=\"auto\">\u00a0<\/span><span data-ccp-props=\"{&quot;201341983&quot;:0,&quot;335559739&quot;:160,&quot;335559740&quot;:259}\">\u00a0<\/span><\/p>\n<figure id=\"attachment_9677\" aria-describedby=\"caption-attachment-9677\" style=\"width: 620px\" class=\"wp-caption aligncenter\"><img loading=\"lazy\" decoding=\"async\" class=\"wp-image-9677 size-full\" title=\"Campen im Garten ist f\u00fcr Kids ein riesiger Spass\" src=\"https:\/\/www.schlanser.ch\/magazin\/wp-content\/uploads\/2021\/05\/Kind-im-Zelt-1.jpg\" alt=\"Junge kommt aus Zelt im Garten\" width=\"620\" height=\"413\" srcset=\"https:\/\/www.schlanser.ch\/magazin\/wp-content\/uploads\/2021\/05\/Kind-im-Zelt-1.jpg 620w, https:\/\/www.schlanser.ch\/magazin\/wp-content\/uploads\/2021\/05\/Kind-im-Zelt-1-300x200.jpg 300w\" sizes=\"(max-width: 620px) 100vw, 620px\" \/><figcaption id=\"caption-attachment-9677\" class=\"wp-caption-text\">\u00a9 Donald Bowers &#8211; stock.adobe.com<\/figcaption><\/figure>\n<h2><span data-contrast=\"auto\">Das richtige Zelt f\u00fcr Kinder\u00a0<\/span><span data-ccp-props=\"{&quot;201341983&quot;:0,&quot;335559739&quot;:160,&quot;335559740&quot;:259}\">\u00a0<\/span><\/h2>\n<p style=\"text-align: justify;\"><span data-contrast=\"auto\">Neben den abenteuerlustigen Kindern ist das Zelt das wichtigste Utensil. F\u00fcr das Zelten im Garten brauchen Sie keine Profiausr\u00fcstung. Hier gen\u00fcgt ein einfaches Zelt beziehungsweise ein Kinderzelt f\u00fcr den Garten. Dabei handelt es sich um ein<\/span><span data-contrast=\"auto\">\u00a0<\/span><span data-contrast=\"auto\">kleines Zelt, was meist noch mit kindlichen Motiven verziert ist. Achten Sie darauf, dass Sie eines verwenden, welches f\u00fcr den <\/span><span data-contrast=\"auto\">Aussenbereich<\/span><span data-contrast=\"auto\"> gedacht ist. F\u00fcr die Kleinen gibt es zahlreiche Spielzelte und Tipis, die nur f\u00fcr die Wohnung geeignet sind. F\u00fcr das Camping sollten sie wasserdicht, stabil und wohnlich sein. Auch, wenn das Nachtquartier schnell ins Haus verschoben werden kann, sollte das Zelt Wassereinwirkungen standhalten k\u00f6nnen. Mitunter wachen die Kleinen vom Regen gar nicht auf und sind dann am n\u00e4chsten Morgen nass. Das ist <\/span><span data-contrast=\"auto\">nat\u00fcrlich nicht<\/span><span data-contrast=\"auto\">\u00a0Sinn der Sache.\u00a0<\/span><\/p>\n<p style=\"text-align: justify;\"><span data-contrast=\"auto\">Ausserdem<\/span><span data-contrast=\"auto\"> sollten unbedingt Bel\u00fcftungsfenster in dem Kinderzelt enthalten sein, damit die Luft besser zirkulieren kann. Diese und auch der Eingang sind am besten mit einem <\/span><a href=\"https:\/\/www.schlanser.ch\/outdoor-freizeit\/outdoor-ausruestung\/insektenabwehr-mueckenschutz\/\"><span data-contrast=\"none\">Insektenschut<\/span><span data-contrast=\"none\">z (Moskitonetz)<\/span><\/a><span data-contrast=\"auto\"> versehen. Ist das nicht der Fall, sollten Sie zus\u00e4tzlich ein Insektenschutzspray bereit haben. Achten Sie auch darauf, dass das Kinderzelt \u00fcber ausreichend Platz verf\u00fcgt. Je nachdem, wie viele Kinder zelten m\u00f6chten, m\u00fcssen vielleicht zwei oder mehr Zelte im Garten aufgestellt werden. In einem Schlafzelt schlafen am besten immer mindestens zwei Kinder, damit niemand <\/span><span data-contrast=\"auto\">alleine<\/span><span data-contrast=\"auto\">\u00a0ist. Wenn Sie ein handels\u00fcbliches\u00a0<\/span><a href=\"https:\/\/www.schlanser.ch\/zelte\/campingzelte\/3-personen-zelte\/\"><span data-contrast=\"none\">3-Mann-Zelt f\u00fcr Erwachsene<\/span><\/a><span data-contrast=\"auto\">\u00a0verwenden, haben dort bis zu vier Kinder Platz.<\/span><span data-ccp-props=\"{&quot;201341983&quot;:0,&quot;335559739&quot;:160,&quot;335559740&quot;:259}\">\u00a0<\/span><\/p>\n<p><img loading=\"lazy\" decoding=\"async\" class=\"aligncenter wp-image-9679 size-full\" title=\"Berger Familienzelt Merano 3\" src=\"https:\/\/www.schlanser.ch\/magazin\/wp-content\/uploads\/2021\/05\/IMG_328470_1_2005020626375eacf67e0c71d-1.jpg\" alt=\"Berger Familienzelt Merano 3\" width=\"620\" height=\"388\" srcset=\"https:\/\/www.schlanser.ch\/magazin\/wp-content\/uploads\/2021\/05\/IMG_328470_1_2005020626375eacf67e0c71d-1.jpg 620w, https:\/\/www.schlanser.ch\/magazin\/wp-content\/uploads\/2021\/05\/IMG_328470_1_2005020626375eacf67e0c71d-1-300x188.jpg 300w\" sizes=\"(max-width: 620px) 100vw, 620px\" \/><\/p>\n<h2><span data-contrast=\"auto\">Der Aufbau des Zeltlagers<\/span><span data-ccp-props=\"{&quot;201341983&quot;:0,&quot;335559739&quot;:160,&quot;335559740&quot;:259}\">\u00a0<\/span><\/h2>\n<p style=\"text-align: justify;\"><span data-contrast=\"auto\">Bereits beim Zeltaufbau im Garten k\u00f6nnen Sie die Kleinen einbinden. Je nach Alter kann diese Aufgabe auch komplett dem Nachwuchs \u00fcbergeben werden. Wichtig ist aber, dass kein Frust entsteht, wenn es doch mal nicht auf Anhieb <\/span><span data-contrast=\"auto\">klappt<\/span><span data-contrast=\"auto\">. Deshalb schadet es nicht, wenn eine helfende erwachsene Hand zur Stelle ist. F\u00fcr kleine Schulkinder k\u00f6nnen die spitzen <\/span><a href=\"https:\/\/www.schlanser.ch\/zelte\/zeltzubehoer\/zeltheringe-abspannmaterial\/\"><span data-contrast=\"none\">Heringe<\/span><\/a><span data-contrast=\"auto\">\u00a0oder auch die\u00a0<\/span><a href=\"https:\/\/www.schlanser.ch\/zelte\/zeltzubehoer\/zelt-gestaenge-zubehoer\/\"><span data-contrast=\"none\">Zeltstangen<\/span><\/a><span data-contrast=\"auto\"> eine Gefahr darstellen, weshalb sie es nicht unbeaufsichtigt aufbauen sollten. Am besten teilen Sie die Aufgaben unter den Kindern auf. Einer ist f\u00fcr das Zusammenstecken der Stangen zust\u00e4ndig, der andere f\u00e4delt diese durch die L\u00f6cher des Zeltstoffes. Am Ende richten alle gemeinsam das Kinderzelt auf und stecken die Heringe in die Erde. So wird der Aufbau der Unterkunft zum Gemeinschaftsprojekt und jeder hat etwas dazu beigetragen. Nun noch die Isomatten und Schlafs\u00e4cke im Zelt drapieren und fertig ist das Nachtlager.<\/span><\/p>\n<p><img loading=\"lazy\" decoding=\"async\" class=\"aligncenter wp-image-9683 size-full\" title=\"Berger Kuppelzelt Hobby 3\" src=\"https:\/\/www.schlanser.ch\/magazin\/wp-content\/uploads\/2021\/05\/Berger-Kuppelzelt-Hobby-3-1.jpg\" alt=\"Berger Kuppelzelt Hobby 3\" width=\"620\" height=\"388\" srcset=\"https:\/\/www.schlanser.ch\/magazin\/wp-content\/uploads\/2021\/05\/Berger-Kuppelzelt-Hobby-3-1.jpg 620w, https:\/\/www.schlanser.ch\/magazin\/wp-content\/uploads\/2021\/05\/Berger-Kuppelzelt-Hobby-3-1-300x188.jpg 300w\" sizes=\"(max-width: 620px) 100vw, 620px\" \/><\/p>\n<p style=\"text-align: justify;\"><span data-contrast=\"auto\">Wenn die Kleinen es m\u00f6chten, k\u00f6nnen sie das Zelt noch dekorieren. Es kann zum Beispiel eine Fahne angebracht oder der Innenbereich mit <\/span><a href=\"https:\/\/www.schlanser.ch\/outdoor-freizeit\/campinglampen\/led-campingleuchten\/\"><span data-contrast=\"none\">elektrischen Laternen<\/span><\/a><span data-contrast=\"auto\">\u00a0und Kissen dekoriert werden. Danach geht es an den\u00a0<\/span><span data-contrast=\"auto\">Aussenbereich<\/span><span data-contrast=\"auto\">. Hier k\u00f6nnen Tische und St\u00fchle aufgestellt und die Feuerstelle hergerichtet werden. Achten Sie aber darauf, dass diese ein gutes St\u00fcck vom Zelt im Garten entfernt ist, da sonst Brandgefahr droht. Auch Solarlampen, Fackeln und Lichterketten sehen in der Nacht\u00a0<\/span><span data-contrast=\"auto\">toll<\/span><span data-contrast=\"auto\">\u00a0aus und machen das Campen im Garten zu einem absoluten Highlight.\u00a0<\/span><span data-ccp-props=\"{&quot;201341983&quot;:0,&quot;335559739&quot;:160,&quot;335559740&quot;:259}\">\u00a0<\/span><\/p>\n<p><img loading=\"lazy\" decoding=\"async\" class=\"aligncenter wp-image-9685 \" title=\"Solar LED Lampion\" src=\"https:\/\/www.schlanser.ch\/magazin\/wp-content\/uploads\/2021\/05\/Solar-LED-Lampion-1.jpg\" alt=\"Solar LED Lampion\" width=\"393\" height=\"246\" srcset=\"https:\/\/www.schlanser.ch\/magazin\/wp-content\/uploads\/2021\/05\/Solar-LED-Lampion-1.jpg 500w, https:\/\/www.schlanser.ch\/magazin\/wp-content\/uploads\/2021\/05\/Solar-LED-Lampion-1-300x188.jpg 300w\" sizes=\"(max-width: 393px) 100vw, 393px\" \/><\/p>\n<h2><span data-contrast=\"auto\">Weitere Utensilien f\u00fcr das Gartencamping<\/span><span data-ccp-props=\"{&quot;201341983&quot;:0,&quot;335559739&quot;:160,&quot;335559740&quot;:259}\">\u00a0<\/span><\/h2>\n<p style=\"text-align: justify;\"><span data-contrast=\"auto\">Neben dem Zelt ben\u00f6tigen Sie noch eine isolierte Unterlage f\u00fcr das Kinderzelt, auf dem die Kleinen schlafen k\u00f6nnen. Meist wird daf\u00fcr eine Luftmatratze verwendet. Diese isoliert und ist gleichzeitig noch weich und bequem. Wenn es nachts noch etwas k\u00fchler im Garten ist, k\u00f6nnen Schaffelle zus\u00e4tzliche W\u00e4rme schaffen. <\/span><span data-contrast=\"auto\">Dar\u00fcber hinaus ben\u00f6tigen<\/span><span data-contrast=\"auto\">\u00a0Sie noch einen Schlafsack. Im Hochsommer, wenn die N\u00e4chte warm sind, tu<\/span><span data-contrast=\"auto\">n<\/span><span data-contrast=\"auto\"> es auch eine d\u00fcnne Decke und ein Kissen. Auch eine Taschenlampe ist wichtig, diese gibt den Kindern etwas Sicherheit und hilft ihnen, wenn sie nachts noch mal rausm\u00fcssen. Das Lieblingskuscheltier darf\u00a0<\/span><span data-contrast=\"auto\">nat\u00fcrlich\u00a0<\/span><span data-contrast=\"auto\">n<\/span><span data-contrast=\"auto\">icht<\/span><span data-contrast=\"auto\">\u00a0fehlen.<\/span><span data-ccp-props=\"{&quot;201341983&quot;:0,&quot;335559739&quot;:160,&quot;335559740&quot;:259}\">\u00a0<\/span><\/p>\n<p><img loading=\"lazy\" decoding=\"async\" class=\"aligncenter wp-image-9688 size-full\" title=\"Berger Selfinflating Matte Gr.1\" src=\"https:\/\/www.schlanser.ch\/magazin\/wp-content\/uploads\/2021\/05\/Berger-Selfinflating-Matte-Gr.1-1.jpg\" alt=\"Berger Selfinflating Matte Gr.1\" width=\"620\" height=\"352\" srcset=\"https:\/\/www.schlanser.ch\/magazin\/wp-content\/uploads\/2021\/05\/Berger-Selfinflating-Matte-Gr.1-1.jpg 620w, https:\/\/www.schlanser.ch\/magazin\/wp-content\/uploads\/2021\/05\/Berger-Selfinflating-Matte-Gr.1-1-300x170.jpg 300w\" sizes=\"(max-width: 620px) 100vw, 620px\" \/><\/p>\n<h2><span data-contrast=\"auto\">Weitere Highlights f\u00fcrs Campen im Garten<\/span><span data-ccp-props=\"{&quot;201341983&quot;:0,&quot;335559739&quot;:160,&quot;335559740&quot;:259}\">\u00a0<\/span><\/h2>\n<p style=\"text-align: justify;\"><span data-contrast=\"auto\">Nachts sollte\u00a0<\/span><span data-contrast=\"auto\">nat\u00fcrlich geschlafen<\/span><span data-contrast=\"auto\"> werden, weshalb das heimische Campen erst durch die Aktivit\u00e4ten, die drumherum passieren, so richtig spannend wird. Hier gibt es eine Vielzahl an M\u00f6glichkeiten, um dem Nachwuchs ein paar sch\u00f6ne Stunden zu bescheren. Das k\u00f6nnen folgende Unternehmungen sein:<\/span><span data-ccp-props=\"{&quot;201341983&quot;:0,&quot;335559739&quot;:160,&quot;335559740&quot;:259}\">\u00a0<\/span><\/p>\n<ul>\n<li data-leveltext=\"-\" data-font=\"Calibri\" data-listid=\"4\" aria-setsize=\"-1\" data-aria-posinset=\"0\" data-aria-level=\"1\"><span data-contrast=\"auto\">Lagerfeuer mit Stockbrot und W\u00fcrstchen (f\u00fcr das perfekte Outdoor-Feeling),<\/span><span data-ccp-props=\"{&quot;134233279&quot;:true,&quot;201341983&quot;:0,&quot;335559739&quot;:160,&quot;335559740&quot;:259}\">\u00a0<\/span><\/li>\n<li data-leveltext=\"-\" data-font=\"Calibri\" data-listid=\"4\" aria-setsize=\"-1\" data-aria-posinset=\"0\" data-aria-level=\"1\"><span data-contrast=\"auto\">Nachtwanderung mit Taschenlampe (optional mit Aufgaben, die unterwegs zu l\u00f6sen sind),<\/span><span data-ccp-props=\"{&quot;134233279&quot;:true,&quot;201341983&quot;:0,&quot;335559739&quot;:160,&quot;335559740&quot;:259}\">\u00a0<\/span><\/li>\n<li data-leveltext=\"-\" data-font=\"Calibri\" data-listid=\"4\" aria-setsize=\"-1\" data-aria-posinset=\"0\" data-aria-level=\"1\"><span data-contrast=\"auto\">Kino-Abend oder<\/span><span data-ccp-props=\"{&quot;134233279&quot;:true,&quot;201341983&quot;:0,&quot;335559739&quot;:160,&quot;335559740&quot;:259}\">\u00a0<\/span><\/li>\n<li data-leveltext=\"-\" data-font=\"Calibri\" data-listid=\"4\" aria-setsize=\"-1\" data-aria-posinset=\"0\" data-aria-level=\"1\"><span data-contrast=\"auto\">Schattentheater auf der Zeltwand (mit einer Taschenlampe k\u00f6nnen auf der Zeltwand <\/span><span data-contrast=\"auto\">tolle<\/span><span data-contrast=\"auto\">\u00a0Schattenfiguren inszeniert werden).\u00a0<\/span><span data-ccp-props=\"{&quot;134233279&quot;:true,&quot;201341983&quot;:0,&quot;335559739&quot;:160,&quot;335559740&quot;:259}\">\u00a0<\/span><\/li>\n<\/ul>\n<p style=\"text-align: justify;\"><span data-contrast=\"auto\">Mit dem passenden\u00a0<\/span><a href=\"https:\/\/www.schlanser.ch\/haushalt\/camping-geschirr\/\"><span data-contrast=\"none\">Campinggeschirr<\/span><\/a><span data-contrast=\"auto\">\u00a0kann das Fr\u00fchst\u00fcck auch gleich noch im Freien stattfinden. Das\u00a0<\/span><span data-contrast=\"auto\">Flamefield<\/span><span data-contrast=\"auto\"> Melamin Kindergeschirr-Set ist in einem praktischen Rucksack verstaut und besteht aus:<\/span><span data-ccp-props=\"{&quot;201341983&quot;:0,&quot;335559739&quot;:160,&quot;335559740&quot;:259}\">\u00a0<\/span><\/p>\n<ul>\n<li data-leveltext=\"-\" data-font=\"Calibri\" data-listid=\"2\" aria-setsize=\"-1\" data-aria-posinset=\"0\" data-aria-level=\"1\"><span data-contrast=\"auto\">einem Teller,\u00a0<\/span><span data-ccp-props=\"{&quot;134233279&quot;:true,&quot;201341983&quot;:0,&quot;335559739&quot;:160,&quot;335559740&quot;:259}\">\u00a0<\/span><\/li>\n<li data-leveltext=\"-\" data-font=\"Calibri\" data-listid=\"2\" aria-setsize=\"-1\" data-aria-posinset=\"0\" data-aria-level=\"1\"><span data-contrast=\"auto\">einer Sch\u00fcssel,\u00a0<\/span><span data-ccp-props=\"{&quot;134233279&quot;:true,&quot;201341983&quot;:0,&quot;335559739&quot;:160,&quot;335559740&quot;:259}\">\u00a0<\/span><\/li>\n<li data-leveltext=\"-\" data-font=\"Calibri\" data-listid=\"2\" aria-setsize=\"-1\" data-aria-posinset=\"0\" data-aria-level=\"1\"><span data-contrast=\"auto\">einem Trinkbecher,<\/span><span data-ccp-props=\"{&quot;134233279&quot;:true,&quot;201341983&quot;:0,&quot;335559739&quot;:160,&quot;335559740&quot;:259}\">\u00a0<\/span><\/li>\n<li data-leveltext=\"-\" data-font=\"Calibri\" data-listid=\"2\" aria-setsize=\"-1\" data-aria-posinset=\"0\" data-aria-level=\"1\"><span data-contrast=\"auto\">einer Gabel und<\/span><span data-ccp-props=\"{&quot;134233279&quot;:true,&quot;201341983&quot;:0,&quot;335559739&quot;:160,&quot;335559740&quot;:259}\">\u00a0<\/span><\/li>\n<li data-leveltext=\"-\" data-font=\"Calibri\" data-listid=\"2\" aria-setsize=\"-1\" data-aria-posinset=\"0\" data-aria-level=\"1\"><span data-contrast=\"auto\">einem Rucksack.<\/span><span data-ccp-props=\"{&quot;134233279&quot;:true,&quot;201341983&quot;:0,&quot;335559739&quot;:160,&quot;335559740&quot;:259}\">\u00a0<\/span><\/li>\n<\/ul>\n<p><img loading=\"lazy\" decoding=\"async\" class=\"aligncenter wp-image-9690 size-full\" title=\"Flamefield Melamin Geschirr-Set Colours 16-tlg.\" src=\"https:\/\/www.schlanser.ch\/magazin\/wp-content\/uploads\/2021\/05\/Flamefield-Melamin-Geschirr-Set-Colours-16-tlg.-1.jpg\" alt=\"Flamefield Melamin Geschirr-Set Colours 16-tlg.\" width=\"620\" height=\"284\" srcset=\"https:\/\/www.schlanser.ch\/magazin\/wp-content\/uploads\/2021\/05\/Flamefield-Melamin-Geschirr-Set-Colours-16-tlg.-1.jpg 620w, https:\/\/www.schlanser.ch\/magazin\/wp-content\/uploads\/2021\/05\/Flamefield-Melamin-Geschirr-Set-Colours-16-tlg.-1-300x137.jpg 300w\" sizes=\"(max-width: 620px) 100vw, 620px\" \/><\/p>\n<p style=\"text-align: justify;\"><span data-contrast=\"auto\">Einfach eine Picknick-Decke ausgebreitet oder einen Campingtisch mit Campingst\u00fchlen im Garten aufgestellt und das Fr\u00fchst\u00fcck kann starten. Auch ein paar Gesellschaftsspiele am Abend kommen immer gut an und besch\u00e4ftigen die Kinder f\u00fcr eine Weile. Das &#8222;Kinderquiz f\u00fcr schlaue Kids rund um die Welt&#8220; von der Marke Noris ist ab sechs Jahren geeignet und garantiert <\/span><span data-contrast=\"auto\">Spielspass<\/span><span data-contrast=\"auto\"> f\u00fcr die ganze Familie. Es l\u00e4dt zu einer Reise um die ganze Welt ein, was trotz Zelten im Garten Urlaubsfeeling weckt.<\/span><span data-ccp-props=\"{&quot;201341983&quot;:0,&quot;335559739&quot;:160,&quot;335559740&quot;:259}\">\u00a0<\/span><\/p>\n<h2><span data-contrast=\"auto\">F\u00fcr etwas Lagerfeuerromantik<\/span><span data-ccp-props=\"{&quot;201341983&quot;:0,&quot;335559739&quot;:160,&quot;335559740&quot;:259}\">\u00a0<\/span><\/h2>\n<p style=\"text-align: justify;\"><span data-contrast=\"auto\">Wer denkt, romantische Gitarrenmusik am Lagerfeuer ist nur etwas f\u00fcr Erwachsene, t\u00e4uscht sich. Auch Kinder finden daran Gefallen, vor allem, wenn es zu dem knisternden Feuer noch leckere W\u00fcrstchen oder <\/span><span data-contrast=\"auto\">s\u00fcsse<\/span><span data-contrast=\"auto\">\u00a0Marshmallows gibt. Nat\u00fcrlich kommt es auch auf die Musik an, die gespielt wird. Mit ein paar Hits aus den aktuellen Charts oder auch Kindermusik k\u00f6nnen Sie nichts falsch machen. Wer\u00a0<\/span><span data-contrast=\"auto\">weiss<\/span><span data-contrast=\"auto\">, vielleicht m\u00f6chten sich die Kleinen auch als b\u00f6se Hexen verkleiden und mit Besen ums Feuer fliegen. Sie werden sehen, die Kleinen finden zu jeder Situation ein paar kreative Ideen. Alles in allem gibt es zahlreiche M\u00f6glichkeiten, um das Campen im Garten zu einem <\/span><span data-contrast=\"auto\">grossen<\/span><span data-contrast=\"auto\">\u00a0Abenteuer zu machen.<\/span><span data-ccp-props=\"{&quot;201341983&quot;:0,&quot;335559739&quot;:160,&quot;335559740&quot;:259}\">\u00a0<\/span><\/p>\n","protected":false},"excerpt":{"rendered":"<p>\u00ab Wenn Kinder Ferien machen \u00bb Die Idee, f\u00fcr eine Sommernacht die W\u00e4nde des Kinderzimmers gegen die eines kleinen Igluzeltes zu tauschen, sorgt bei den meisten Kindern f\u00fcr helle Begeisterung. Wird das Zelt im Garten dann noch zur elternfreien Zone erkl\u00e4rt, ist die Freude umso gr\u00f6sser. Was Sie f\u00fcr den Abenteuertrip auf dem heimischen Grundst\u00fcck &hellip;<\/p>\n","protected":false},"author":1,"featured_media":9674,"comment_status":"closed","ping_status":"open","sticky":false,"template":"","format":"standard","meta":{"footnotes":""},"categories":[2],"tags":[1221,342,1297,1298,1129,1300,1299],"yoast_head":"<!-- This site is optimized with the Yoast SEO plugin v22.2 - https:\/\/yoast.com\/wordpress\/plugins\/seo\/ -->\n<title>Zelten im Garten mit Kindern - Schlanser Magazin<\/title>\n<meta name=\"description\" content=\"An Ferien zu Hause gew\u00f6hnen sich Leser des Schlanser Magazins mit dem Ratgeber zum \u2714 Campen im eigenen Garten \u2714 Wenn Kinder Ferien machen\" \/>\n<meta name=\"robots\" content=\"index, follow, max-snippet:-1, max-image-preview:large, max-video-preview:-1\" \/>\n<link rel=\"canonical\" href=\"https:\/\/www.schlanser.ch\/magazin\/campen-im-garten\/\" \/>\n<meta property=\"og:locale\" content=\"de_DE\" \/>\n<meta property=\"og:type\" content=\"article\" \/>\n<meta property=\"og:title\" content=\"Zelten im Garten mit Kindern - Schlanser Magazin\" \/>\n<meta property=\"og:description\" content=\"An Ferien zu Hause gew\u00f6hnen sich Leser des Schlanser Magazins mit dem Ratgeber zum \u2714 Campen im eigenen Garten \u2714 Wenn Kinder Ferien machen\" \/>\n<meta property=\"og:url\" content=\"https:\/\/www.schlanser.ch\/magazin\/campen-im-garten\/\" \/>\n<meta property=\"og:site_name\" content=\"Schlanser Magazin\" \/>\n<meta property=\"article:published_time\" content=\"2020-05-25T07:34:44+00:00\" \/>\n<meta property=\"article:modified_time\" content=\"2024-01-10T14:54:54+00:00\" \/>\n<meta property=\"og:image\" content=\"https:\/\/www.schlanser.ch\/magazin\/wp-content\/uploads\/2021\/05\/Kinder-Camping-Garten.jpg\" \/>\n\t<meta property=\"og:image:width\" content=\"660\" \/>\n\t<meta property=\"og:image:height\" content=\"440\" \/>\n\t<meta property=\"og:image:type\" content=\"image\/jpeg\" \/>\n<meta name=\"author\" content=\"admin\" \/>\n<meta name=\"twitter:card\" content=\"summary_large_image\" \/>\n<meta name=\"twitter:label1\" content=\"Verfasst von\" \/>\n\t<meta name=\"twitter:data1\" content=\"admin\" \/>\n\t<meta name=\"twitter:label2\" content=\"Gesch\u00e4tzte Lesezeit\" \/>\n\t<meta name=\"twitter:data2\" content=\"8 Minuten\" \/>\n<script type=\"application\/ld+json\" class=\"yoast-schema-graph\">{\"@context\":\"https:\/\/schema.org\",\"@graph\":[{\"@type\":\"WebPage\",\"@id\":\"https:\/\/www.schlanser.ch\/magazin\/campen-im-garten\/\",\"url\":\"https:\/\/www.schlanser.ch\/magazin\/campen-im-garten\/\",\"name\":\"Zelten im Garten mit Kindern - Schlanser Magazin\",\"isPartOf\":{\"@id\":\"https:\/\/www.schlanser.ch\/magazin\/#website\"},\"primaryImageOfPage\":{\"@id\":\"https:\/\/www.schlanser.ch\/magazin\/campen-im-garten\/#primaryimage\"},\"image\":{\"@id\":\"https:\/\/www.schlanser.ch\/magazin\/campen-im-garten\/#primaryimage\"},\"thumbnailUrl\":\"https:\/\/www.schlanser.ch\/magazin\/wp-content\/uploads\/2021\/05\/Kinder-Camping-Garten.jpg\",\"datePublished\":\"2020-05-25T07:34:44+00:00\",\"dateModified\":\"2024-01-10T14:54:54+00:00\",\"author\":{\"@id\":\"https:\/\/www.schlanser.ch\/magazin\/#\/schema\/person\/000db0a103eb2594ba3daf394b1dfea2\"},\"description\":\"An Ferien zu Hause gew\u00f6hnen sich Leser des Schlanser Magazins mit dem Ratgeber zum \u2714 Campen im eigenen Garten \u2714 Wenn Kinder Ferien machen\",\"breadcrumb\":{\"@id\":\"https:\/\/www.schlanser.ch\/magazin\/campen-im-garten\/#breadcrumb\"},\"inLanguage\":\"de-DE\",\"potentialAction\":[{\"@type\":\"ReadAction\",\"target\":[\"https:\/\/www.schlanser.ch\/magazin\/campen-im-garten\/\"]}]},{\"@type\":\"ImageObject\",\"inLanguage\":\"de-DE\",\"@id\":\"https:\/\/www.schlanser.ch\/magazin\/campen-im-garten\/#primaryimage\",\"url\":\"https:\/\/www.schlanser.ch\/magazin\/wp-content\/uploads\/2021\/05\/Kinder-Camping-Garten.jpg\",\"contentUrl\":\"https:\/\/www.schlanser.ch\/magazin\/wp-content\/uploads\/2021\/05\/Kinder-Camping-Garten.jpg\",\"width\":660,\"height\":440,\"caption\":\"\u00a9 WavebreakMediaMicro - stock.adobe.com\"},{\"@type\":\"BreadcrumbList\",\"@id\":\"https:\/\/www.schlanser.ch\/magazin\/campen-im-garten\/#breadcrumb\",\"itemListElement\":[{\"@type\":\"ListItem\",\"position\":1,\"name\":\"Startseite\",\"item\":\"https:\/\/www.schlanser.ch\/magazin\/\"},{\"@type\":\"ListItem\",\"position\":2,\"name\":\"Zelten im Garten mit Kindern\"}]},{\"@type\":\"WebSite\",\"@id\":\"https:\/\/www.schlanser.ch\/magazin\/#website\",\"url\":\"https:\/\/www.schlanser.ch\/magazin\/\",\"name\":\"Schlanser Magazin\",\"description\":\"\",\"potentialAction\":[{\"@type\":\"SearchAction\",\"target\":{\"@type\":\"EntryPoint\",\"urlTemplate\":\"https:\/\/www.schlanser.ch\/magazin\/?s={search_term_string}\"},\"query-input\":\"required name=search_term_string\"}],\"inLanguage\":\"de-DE\"},{\"@type\":\"Person\",\"@id\":\"https:\/\/www.schlanser.ch\/magazin\/#\/schema\/person\/000db0a103eb2594ba3daf394b1dfea2\",\"name\":\"admin\",\"image\":{\"@type\":\"ImageObject\",\"inLanguage\":\"de-DE\",\"@id\":\"https:\/\/www.schlanser.ch\/magazin\/#\/schema\/person\/image\/\",\"url\":\"https:\/\/secure.gravatar.com\/avatar\/a794a4fe8a9b9c52241597eb381dfa2e?s=96&d=mm&r=g\",\"contentUrl\":\"https:\/\/secure.gravatar.com\/avatar\/a794a4fe8a9b9c52241597eb381dfa2e?s=96&d=mm&r=g\",\"caption\":\"admin\"}}]}<\/script>\n<!-- \/ Yoast SEO plugin. -->","yoast_head_json":{"title":"Zelten im Garten mit Kindern - Schlanser Magazin","description":"An Ferien zu Hause gew\u00f6hnen sich Leser des Schlanser Magazins mit dem Ratgeber zum \u2714 Campen im eigenen Garten \u2714 Wenn Kinder Ferien machen","robots":{"index":"index","follow":"follow","max-snippet":"max-snippet:-1","max-image-preview":"max-image-preview:large","max-video-preview":"max-video-preview:-1"},"canonical":"https:\/\/www.schlanser.ch\/magazin\/campen-im-garten\/","og_locale":"de_DE","og_type":"article","og_title":"Zelten im Garten mit Kindern - Schlanser Magazin","og_description":"An Ferien zu Hause gew\u00f6hnen sich Leser des Schlanser Magazins mit dem Ratgeber zum \u2714 Campen im eigenen Garten \u2714 Wenn Kinder Ferien machen","og_url":"https:\/\/www.schlanser.ch\/magazin\/campen-im-garten\/","og_site_name":"Schlanser Magazin","article_published_time":"2020-05-25T07:34:44+00:00","article_modified_time":"2024-01-10T14:54:54+00:00","og_image":[{"width":660,"height":440,"url":"https:\/\/www.schlanser.ch\/magazin\/wp-content\/uploads\/2021\/05\/Kinder-Camping-Garten.jpg","type":"image\/jpeg"}],"author":"admin","twitter_card":"summary_large_image","twitter_misc":{"Verfasst von":"admin","Gesch\u00e4tzte Lesezeit":"8 Minuten"},"schema":{"@context":"https:\/\/schema.org","@graph":[{"@type":"WebPage","@id":"https:\/\/www.schlanser.ch\/magazin\/campen-im-garten\/","url":"https:\/\/www.schlanser.ch\/magazin\/campen-im-garten\/","name":"Zelten im Garten mit Kindern - Schlanser Magazin","isPartOf":{"@id":"https:\/\/www.schlanser.ch\/magazin\/#website"},"primaryImageOfPage":{"@id":"https:\/\/www.schlanser.ch\/magazin\/campen-im-garten\/#primaryimage"},"image":{"@id":"https:\/\/www.schlanser.ch\/magazin\/campen-im-garten\/#primaryimage"},"thumbnailUrl":"https:\/\/www.schlanser.ch\/magazin\/wp-content\/uploads\/2021\/05\/Kinder-Camping-Garten.jpg","datePublished":"2020-05-25T07:34:44+00:00","dateModified":"2024-01-10T14:54:54+00:00","author":{"@id":"https:\/\/www.schlanser.ch\/magazin\/#\/schema\/person\/000db0a103eb2594ba3daf394b1dfea2"},"description":"An Ferien zu Hause gew\u00f6hnen sich Leser des Schlanser Magazins mit dem Ratgeber zum \u2714 Campen im eigenen Garten \u2714 Wenn Kinder Ferien machen","breadcrumb":{"@id":"https:\/\/www.schlanser.ch\/magazin\/campen-im-garten\/#breadcrumb"},"inLanguage":"de-DE","potentialAction":[{"@type":"ReadAction","target":["https:\/\/www.schlanser.ch\/magazin\/campen-im-garten\/"]}]},{"@type":"ImageObject","inLanguage":"de-DE","@id":"https:\/\/www.schlanser.ch\/magazin\/campen-im-garten\/#primaryimage","url":"https:\/\/www.schlanser.ch\/magazin\/wp-content\/uploads\/2021\/05\/Kinder-Camping-Garten.jpg","contentUrl":"https:\/\/www.schlanser.ch\/magazin\/wp-content\/uploads\/2021\/05\/Kinder-Camping-Garten.jpg","width":660,"height":440,"caption":"\u00a9 WavebreakMediaMicro - stock.adobe.com"},{"@type":"BreadcrumbList","@id":"https:\/\/www.schlanser.ch\/magazin\/campen-im-garten\/#breadcrumb","itemListElement":[{"@type":"ListItem","position":1,"name":"Startseite","item":"https:\/\/www.schlanser.ch\/magazin\/"},{"@type":"ListItem","position":2,"name":"Zelten im Garten mit Kindern"}]},{"@type":"WebSite","@id":"https:\/\/www.schlanser.ch\/magazin\/#website","url":"https:\/\/www.schlanser.ch\/magazin\/","name":"Schlanser Magazin","description":"","potentialAction":[{"@type":"SearchAction","target":{"@type":"EntryPoint","urlTemplate":"https:\/\/www.schlanser.ch\/magazin\/?s={search_term_string}"},"query-input":"required name=search_term_string"}],"inLanguage":"de-DE"},{"@type":"Person","@id":"https:\/\/www.schlanser.ch\/magazin\/#\/schema\/person\/000db0a103eb2594ba3daf394b1dfea2","name":"admin","image":{"@type":"ImageObject","inLanguage":"de-DE","@id":"https:\/\/www.schlanser.ch\/magazin\/#\/schema\/person\/image\/","url":"https:\/\/secure.gravatar.com\/avatar\/a794a4fe8a9b9c52241597eb381dfa2e?s=96&d=mm&r=g","contentUrl":"https:\/\/secure.gravatar.com\/avatar\/a794a4fe8a9b9c52241597eb381dfa2e?s=96&d=mm&r=g","caption":"admin"}}]}},"_links":{"self":[{"href":"https:\/\/www.schlanser.ch\/magazin\/wp-json\/wp\/v2\/posts\/9670"}],"collection":[{"href":"https:\/\/www.schlanser.ch\/magazin\/wp-json\/wp\/v2\/posts"}],"about":[{"href":"https:\/\/www.schlanser.ch\/magazin\/wp-json\/wp\/v2\/types\/post"}],"author":[{"embeddable":true,"href":"https:\/\/www.schlanser.ch\/magazin\/wp-json\/wp\/v2\/users\/1"}],"replies":[{"embeddable":true,"href":"https:\/\/www.schlanser.ch\/magazin\/wp-json\/wp\/v2\/comments?post=9670"}],"version-history":[{"count":24,"href":"https:\/\/www.schlanser.ch\/magazin\/wp-json\/wp\/v2\/posts\/9670\/revisions"}],"predecessor-version":[{"id":17584,"href":"https:\/\/www.schlanser.ch\/magazin\/wp-json\/wp\/v2\/posts\/9670\/revisions\/17584"}],"wp:featuredmedia":[{"embeddable":true,"href":"https:\/\/www.schlanser.ch\/magazin\/wp-json\/wp\/v2\/media\/9674"}],"wp:attachment":[{"href":"https:\/\/www.schlanser.ch\/magazin\/wp-json\/wp\/v2\/media?parent=9670"}],"wp:term":[{"taxonomy":"category","embeddable":true,"href":"https:\/\/www.schlanser.ch\/magazin\/wp-json\/wp\/v2\/categories?post=9670"},{"taxonomy":"post_tag","embeddable":true,"href":"https:\/\/www.schlanser.ch\/magazin\/wp-json\/wp\/v2\/tags?post=9670"}],"curies":[{"name":"wp","href":"https:\/\/api.w.org\/{rel}","templated":true}]}}